{"id":2306,"date":"2023-12-12T11:52:02","date_gmt":"2023-12-12T09:52:02","guid":{"rendered":"https:\/\/blogsaverroes.juntadeandalucia.es\/centrosbilinguessevilla\/?p=2306"},"modified":"2023-12-12T15:27:00","modified_gmt":"2023-12-12T13:27:00","slug":"jornadas-de-difusion-erasmus","status":"publish","type":"post","link":"https:\/\/blogsaverroes.juntadeandalucia.es\/centrosbilinguessevilla\/2023\/12\/12\/jornadas-de-difusion-erasmus\/","title":{"rendered":"Jornadas de difusi\u00f3n Erasmus+"},"content":{"rendered":"<p>A partir de hoy y en los pr\u00f3ximos d\u00edas se van a celebrar las Jornadas anuales de difusi\u00f3n e informativas Erasmus+ 2024.<\/p>\n<p style=\"text-align: center\"><span style=\"color: #339966\"><strong>Desde la siguiente imagen se puede acceder a la informaci\u00f3n de cada una de ellas y al streaming de cada una de ellas. Seleccionar el mes de diciembre.<br \/>\n<\/strong><\/span><\/p>\n<p><a href=\"http:\/\/sepie.es\/comunicacion\/jornadas\/index.html\"><img loading=\"lazy\" decoding=\"async\" class=\"aligncenter size-full wp-image-2307\" src=\"https:\/\/blogsaverroes.juntadeandalucia.es\/centrosbilinguessevilla\/files\/2023\/12\/Sin-t\u00edtulo-5.jpg\" alt=\"\" width=\"1532\" height=\"741\" srcset=\"https:\/\/blogsaverroes.juntadeandalucia.es\/centrosbilinguessevilla\/files\/2023\/12\/Sin-t\u00edtulo-5.jpg 1532w, https:\/\/blogsaverroes.juntadeandalucia.es\/centrosbilinguessevilla\/files\/2023\/12\/Sin-t\u00edtulo-5-300x145.jpg 300w, https:\/\/blogsaverroes.juntadeandalucia.es\/centrosbilinguessevilla\/files\/2023\/12\/Sin-t\u00edtulo-5-1024x495.jpg 1024w, https:\/\/blogsaverroes.juntadeandalucia.es\/centrosbilinguessevilla\/files\/2023\/12\/Sin-t\u00edtulo-5-768x371.jpg 768w\" sizes=\"(max-width: 1532px) 100vw, 1532px\" \/><\/a><\/p>\n","protected":false},"excerpt":{"rendered":"<p>A partir de hoy y en los pr\u00f3ximos d\u00edas se van a celebrar las Jornadas anuales de difusi\u00f3n e informativas Erasmus+ 2024. Desde la siguiente imagen se puede acceder a la informaci\u00f3n de cada&#46;&#46;&#46;<\/p>\n","protected":false},"author":1252,"featured_media":0,"comment_status":"open","ping_status":"open","sticky":false,"template":"","format":"standard","meta":{"ngg_post_thumbnail":0,"footnotes":""},"categories":[5,21040],"tags":[],"aioseo_notices":[],"_links":{"self":[{"href":"https:\/\/blogsaverroes.juntadeandalucia.es\/centrosbilinguessevilla\/wp-json\/wp\/v2\/posts\/2306"}],"collection":[{"href":"https:\/\/blogsaverroes.juntadeandalucia.es\/centrosbilinguessevilla\/wp-json\/wp\/v2\/posts"}],"about":[{"href":"https:\/\/blogsaverroes.juntadeandalucia.es\/centrosbilinguessevilla\/wp-json\/wp\/v2\/types\/post"}],"author":[{"embeddable":true,"href":"https:\/\/blogsaverroes.juntadeandalucia.es\/centrosbilinguessevilla\/wp-json\/wp\/v2\/users\/1252"}],"replies":[{"embeddable":true,"href":"https:\/\/blogsaverroes.juntadeandalucia.es\/centrosbilinguessevilla\/wp-json\/wp\/v2\/comments?post=2306"}],"version-history":[{"count":2,"href":"https:\/\/blogsaverroes.juntadeandalucia.es\/centrosbilinguessevilla\/wp-json\/wp\/v2\/posts\/2306\/revisions"}],"predecessor-version":[{"id":2309,"href":"https:\/\/blogsaverroes.juntadeandalucia.es\/centrosbilinguessevilla\/wp-json\/wp\/v2\/posts\/2306\/revisions\/2309"}],"wp:attachment":[{"href":"https:\/\/blogsaverroes.juntadeandalucia.es\/centrosbilinguessevilla\/wp-json\/wp\/v2\/media?parent=2306"}],"wp:term":[{"taxonomy":"category","embeddable":true,"href":"https:\/\/blogsaverroes.juntadeandalucia.es\/centrosbilinguessevilla\/wp-json\/wp\/v2\/categories?post=2306"},{"taxonomy":"post_tag","embeddable":true,"href":"https:\/\/blogsaverroes.juntadeandalucia.es\/centrosbilinguessevilla\/wp-json\/wp\/v2\/tags?post=2306"}],"curies":[{"name":"wp","href":"https:\/\/api.w.org\/{rel}","templated":true}]}}