{"id":2328,"date":"2024-01-08T12:04:20","date_gmt":"2024-01-08T10:04:20","guid":{"rendered":"https:\/\/blogsaverroes.juntadeandalucia.es\/centrosbilinguessevilla\/?p=2328"},"modified":"2024-01-10T15:09:55","modified_gmt":"2024-01-10T13:09:55","slug":"les-nuits-de-la-lecture","status":"publish","type":"post","link":"https:\/\/blogsaverroes.juntadeandalucia.es\/centrosbilinguessevilla\/2024\/01\/08\/les-nuits-de-la-lecture\/","title":{"rendered":"Les nuits de la lecture"},"content":{"rendered":"<p><a href=\"https:\/\/www.institutfrancais.es\/cultura\/las-noches-de-la-lectura-veladas-literarias-proyecciones-lecturas-actividades-y-mucho-mas\/\"><img loading=\"lazy\" decoding=\"async\" class=\"size-full wp-image-2329 alignleft\" src=\"https:\/\/blogsaverroes.juntadeandalucia.es\/centrosbilinguessevilla\/files\/2024\/01\/Sin-t\u00edtulo-2.jpg\" alt=\"\" width=\"1600\" height=\"643\" srcset=\"https:\/\/blogsaverroes.juntadeandalucia.es\/centrosbilinguessevilla\/files\/2024\/01\/Sin-t\u00edtulo-2.jpg 1600w, https:\/\/blogsaverroes.juntadeandalucia.es\/centrosbilinguessevilla\/files\/2024\/01\/Sin-t\u00edtulo-2-300x120.jpg 300w, https:\/\/blogsaverroes.juntadeandalucia.es\/centrosbilinguessevilla\/files\/2024\/01\/Sin-t\u00edtulo-2-1024x411.jpg 1024w, https:\/\/blogsaverroes.juntadeandalucia.es\/centrosbilinguessevilla\/files\/2024\/01\/Sin-t\u00edtulo-2-768x308.jpg 768w, https:\/\/blogsaverroes.juntadeandalucia.es\/centrosbilinguessevilla\/files\/2024\/01\/Sin-t\u00edtulo-2-1536x617.jpg 1536w\" sizes=\"(max-width: 1600px) 100vw, 1600px\" \/><\/a><\/p>\n<p>En el caso de Sevilla, el programa de actividades de esta edici\u00f3n incluye <strong><a href=\"https:\/\/www.institutfrancais.es\/sevilla\/evento\/f3c-nuits-de-la-lecture-tematica-2024-el-cuerpo\/\">dos talleres en los que el alumnado de Secundaria de los centros biling\u00fces de franc\u00e9s aprender\u00e1 a usar las palabras de manera expresiva, a trav\u00e9s del cuerpo<\/a><\/strong>,&nbsp; y <strong><a href=\"https:\/\/www.institutfrancais.es\/sevilla\/evento\/f3c-nuits-de-la-lecture-concierto-voz-y-cuerpo-slam-breakdance-y-lettering\/\">un concierto \u00bb Voz y cuerpo\u00bb Rap, Breakdance y Lettering, abierto a todo el p\u00fablico.<\/a><\/strong><\/p>\n<p><a href=\"https:\/\/www.institutfrancais.es\/sevilla\/evento\/f3c-nuits-de-la-lecture-tematica-2024-el-cuerpo\/\"><img loading=\"lazy\" decoding=\"async\" class=\"alignleft size-full wp-image-2335\" src=\"https:\/\/blogsaverroes.juntadeandalucia.es\/centrosbilinguessevilla\/files\/2024\/01\/Sin-t\u00edtulo-5.jpg\" alt=\"\" width=\"290\" height=\"298\"><\/a><\/p>\n<p><a href=\"https:\/\/www.institutfrancais.es\/sevilla\/evento\/f3c-nuits-de-la-lecture-concierto-voz-y-cuerpo-slam-breakdance-y-lettering\/\"><img loading=\"lazy\" decoding=\"async\" class=\"aligncenter size-full wp-image-2330\" src=\"https:\/\/blogsaverroes.juntadeandalucia.es\/centrosbilinguessevilla\/files\/2024\/01\/Sin-t\u00edtulo-3.jpg\" alt=\"\" width=\"293\" height=\"297\"><\/a><\/p>\n<p>&nbsp;<\/p>\n<p>&nbsp;<\/p>\n<p>&nbsp;<\/p>\n","protected":false},"excerpt":{"rendered":"<p>En el caso de Sevilla, el programa de actividades de esta edici\u00f3n incluye dos talleres en los que el alumnado de Secundaria de los centros biling\u00fces de franc\u00e9s aprender\u00e1 a usar las palabras de&#46;&#46;&#46;<\/p>\n","protected":false},"author":1252,"featured_media":0,"comment_status":"open","ping_status":"open","sticky":false,"template":"","format":"standard","meta":{"ngg_post_thumbnail":0,"footnotes":""},"categories":[5],"tags":[],"aioseo_notices":[],"_links":{"self":[{"href":"https:\/\/blogsaverroes.juntadeandalucia.es\/centrosbilinguessevilla\/wp-json\/wp\/v2\/posts\/2328"}],"collection":[{"href":"https:\/\/blogsaverroes.juntadeandalucia.es\/centrosbilinguessevilla\/wp-json\/wp\/v2\/posts"}],"about":[{"href":"https:\/\/blogsaverroes.juntadeandalucia.es\/centrosbilinguessevilla\/wp-json\/wp\/v2\/types\/post"}],"author":[{"embeddable":true,"href":"https:\/\/blogsaverroes.juntadeandalucia.es\/centrosbilinguessevilla\/wp-json\/wp\/v2\/users\/1252"}],"replies":[{"embeddable":true,"href":"https:\/\/blogsaverroes.juntadeandalucia.es\/centrosbilinguessevilla\/wp-json\/wp\/v2\/comments?post=2328"}],"version-history":[{"count":5,"href":"https:\/\/blogsaverroes.juntadeandalucia.es\/centrosbilinguessevilla\/wp-json\/wp\/v2\/posts\/2328\/revisions"}],"predecessor-version":[{"id":2338,"href":"https:\/\/blogsaverroes.juntadeandalucia.es\/centrosbilinguessevilla\/wp-json\/wp\/v2\/posts\/2328\/revisions\/2338"}],"wp:attachment":[{"href":"https:\/\/blogsaverroes.juntadeandalucia.es\/centrosbilinguessevilla\/wp-json\/wp\/v2\/media?parent=2328"}],"wp:term":[{"taxonomy":"category","embeddable":true,"href":"https:\/\/blogsaverroes.juntadeandalucia.es\/centrosbilinguessevilla\/wp-json\/wp\/v2\/categories?post=2328"},{"taxonomy":"post_tag","embeddable":true,"href":"https:\/\/blogsaverroes.juntadeandalucia.es\/centrosbilinguessevilla\/wp-json\/wp\/v2\/tags?post=2328"}],"curies":[{"name":"wp","href":"https:\/\/api.w.org\/{rel}","templated":true}]}}