{"id":2339,"date":"2024-01-14T11:12:25","date_gmt":"2024-01-14T09:12:25","guid":{"rendered":"https:\/\/blogsaverroes.juntadeandalucia.es\/centrosbilinguessevilla\/?p=2339"},"modified":"2024-01-17T12:22:37","modified_gmt":"2024-01-17T10:22:37","slug":"2339","status":"publish","type":"post","link":"https:\/\/blogsaverroes.juntadeandalucia.es\/centrosbilinguessevilla\/2024\/01\/14\/2339\/","title":{"rendered":"Convocatoria de proyectos de investigaci\u00f3n, innovaci\u00f3n y materiales"},"content":{"rendered":"<p>En la secci\u00f3n de novedades de la p\u00e1gina de la Consejer\u00eda se ha publicado la informaci\u00f3n referida a la&nbsp;<strong><a title=\"Abierto el plazo para la presentaci\u00f3n de proyectos de investigaci\u00f3n, innovaci\u00f3n y materiales (curso 2024-2025)\" href=\"https:\/\/www.juntadeandalucia.es\/educacion\/portals\/web\/ced\/novedades\/-\/contenidos\/detalle\/abierto-el-plazo-para-la-presentacion-de-proyectos-de-investigacion-innovacion-y-materiales-curso-2024-2025\" target=\"_self\" rel=\"noopener noreferrer\">apertura del plazo para la presentaci\u00f3n de proyectos de investigaci\u00f3n, innovaci\u00f3n y materiales (curso 2024-2025)<\/a>. <\/strong>El fomento del pluriling\u00fcismo, en el caso de los proyectos de elaboraci\u00f3n de materiales curriculares y recursos did\u00e1cticos, y la ense\u00f1anza y la comunicaci\u00f3n en otras lenguas, en el caso de los de investigaci\u00f3n e innovaci\u00f3n educativa, constituyen \u00e1mbitos prioritarios.<\/p>\n<p>Por otra parte, las <a href=\"https:\/\/www.juntadeandalucia.es\/educacion\/portals\/delegate\/content\/dc017f86-2b91-4d6b-b5cd-11925fa428ab\/Instrucciones%20de%2028%20de%20noviembre%20de%202023,%20de%20la%20Direcci%C3%B3n%20General%20de%20Tecnolog%C3%ADas%20Avanzadas%20y%20Transformaci%C3%B3n%20Educativa,%20sobre%20la%20organizaci%C3%B3n%20y%20funcionamiento%20de%20la%20ense%C3%B1anza%20biling%C3%BCe%20en%20los%20centros%20andaluces.\"><strong>Instrucciones de 28 de noviembre de 2023, de la Direcci\u00f3n General de Tecnolog\u00edas Avanzadas y Transformaci\u00f3n Educativa, sobre la organizaci\u00f3n y funcionamiento de la ense\u00f1anza biling\u00fce en los centros andaluces<\/strong><\/a>, especifican que \u00abpara dar respuesta a las necesidades de formaci\u00f3n del profesorado, los centros docentes deber\u00e1n incluir en su plan de formaci\u00f3n actividades formativas que favorezcan la autoformaci\u00f3n (&#8230;) La convocatoria a la que se refiere esta entrada es una excelente oportunidad para promover la autoformaci\u00f3n, el trabajo en equipo y las redes del profesorado, as\u00ed como su implicaci\u00f3n y participaci\u00f3n activa en la b\u00fasqueda, adopci\u00f3n y consolidaci\u00f3n en el tiempo de las pr\u00e1cticas innovadoras. <span style=\"text-decoration: underline\"><strong><span style=\"color: #800080;text-decoration: underline\">Los centros biling\u00fces por su trayectoria son, sin duda alguna, un escenario privilegiado para la innovaci\u00f3n educativa y la consolidaci\u00f3n de buenas pr\u00e1cticas que puedan ser transferibles a otros contextos.<\/span><br \/>\n<\/strong><\/span><\/p>\n<p style=\"text-align: center\">Desde la siguiente imagen se puede acceder a toda la informaci\u00f3n sobre la convocatoria.<\/p>\n<p><a href=\"https:\/\/www.juntadeandalucia.es\/educacion\/portals\/web\/ced\/novedades\/-\/contenidos\/detalle\/abierto-el-plazo-para-la-presentacion-de-proyectos-de-investigacion-innovacion-y-materiales-curso-2024-2025\"><img loading=\"lazy\" decoding=\"async\" class=\"aligncenter wp-image-2340\" src=\"https:\/\/blogsaverroes.juntadeandalucia.es\/centrosbilinguessevilla\/files\/2024\/01\/Sin-t\u00edtulo.png\" alt=\"\" width=\"750\" height=\"393\" srcset=\"https:\/\/blogsaverroes.juntadeandalucia.es\/centrosbilinguessevilla\/files\/2024\/01\/Sin-t\u00edtulo.png 1402w, https:\/\/blogsaverroes.juntadeandalucia.es\/centrosbilinguessevilla\/files\/2024\/01\/Sin-t\u00edtulo-300x157.png 300w, https:\/\/blogsaverroes.juntadeandalucia.es\/centrosbilinguessevilla\/files\/2024\/01\/Sin-t\u00edtulo-1024x537.png 1024w, https:\/\/blogsaverroes.juntadeandalucia.es\/centrosbilinguessevilla\/files\/2024\/01\/Sin-t\u00edtulo-768x403.png 768w\" sizes=\"(max-width: 750px) 100vw, 750px\" \/><\/a><\/p>\n","protected":false},"excerpt":{"rendered":"<p>En la secci\u00f3n de novedades de la p\u00e1gina de la Consejer\u00eda se ha publicado la informaci\u00f3n referida a la&nbsp;apertura del plazo para la presentaci\u00f3n de proyectos de investigaci\u00f3n, innovaci\u00f3n y materiales (curso 2024-2025). El&#46;&#46;&#46;<\/p>\n","protected":false},"author":1252,"featured_media":0,"comment_status":"open","ping_status":"open","sticky":false,"template":"","format":"standard","meta":{"ngg_post_thumbnail":0,"footnotes":""},"categories":[946,5,796358],"tags":[],"aioseo_notices":[],"_links":{"self":[{"href":"https:\/\/blogsaverroes.juntadeandalucia.es\/centrosbilinguessevilla\/wp-json\/wp\/v2\/posts\/2339"}],"collection":[{"href":"https:\/\/blogsaverroes.juntadeandalucia.es\/centrosbilinguessevilla\/wp-json\/wp\/v2\/posts"}],"about":[{"href":"https:\/\/blogsaverroes.juntadeandalucia.es\/centrosbilinguessevilla\/wp-json\/wp\/v2\/types\/post"}],"author":[{"embeddable":true,"href":"https:\/\/blogsaverroes.juntadeandalucia.es\/centrosbilinguessevilla\/wp-json\/wp\/v2\/users\/1252"}],"replies":[{"embeddable":true,"href":"https:\/\/blogsaverroes.juntadeandalucia.es\/centrosbilinguessevilla\/wp-json\/wp\/v2\/comments?post=2339"}],"version-history":[{"count":3,"href":"https:\/\/blogsaverroes.juntadeandalucia.es\/centrosbilinguessevilla\/wp-json\/wp\/v2\/posts\/2339\/revisions"}],"predecessor-version":[{"id":2343,"href":"https:\/\/blogsaverroes.juntadeandalucia.es\/centrosbilinguessevilla\/wp-json\/wp\/v2\/posts\/2339\/revisions\/2343"}],"wp:attachment":[{"href":"https:\/\/blogsaverroes.juntadeandalucia.es\/centrosbilinguessevilla\/wp-json\/wp\/v2\/media?parent=2339"}],"wp:term":[{"taxonomy":"category","embeddable":true,"href":"https:\/\/blogsaverroes.juntadeandalucia.es\/centrosbilinguessevilla\/wp-json\/wp\/v2\/categories?post=2339"},{"taxonomy":"post_tag","embeddable":true,"href":"https:\/\/blogsaverroes.juntadeandalucia.es\/centrosbilinguessevilla\/wp-json\/wp\/v2\/tags?post=2339"}],"curies":[{"name":"wp","href":"https:\/\/api.w.org\/{rel}","templated":true}]}}