{"id":2366,"date":"2024-02-12T08:12:30","date_gmt":"2024-02-12T06:12:30","guid":{"rendered":"https:\/\/blogsaverroes.juntadeandalucia.es\/centrosbilinguessevilla\/?p=2366"},"modified":"2024-02-12T15:07:37","modified_gmt":"2024-02-12T13:07:37","slug":"dia-de-los-autores-europeos","status":"publish","type":"post","link":"https:\/\/blogsaverroes.juntadeandalucia.es\/centrosbilinguessevilla\/2024\/02\/12\/dia-de-los-autores-europeos\/","title":{"rendered":"D\u00eda de los Autores Europeos"},"content":{"rendered":"<p>El pr\u00f3ximo 25 de marzo se celebrar\u00e1 la segunda edici\u00f3n del \u201c<strong>D\u00eda de los Autores Europeos\u201d<\/strong>. Se trata de una iniciativa de la Comisi\u00f3n Europea que celebra la gran diversidad de la literatura europea y fomenta el inter\u00e9s por la lectura.<\/p>\n<p>Desde la imagen inferior se puede acceder al <a href=\"https:\/\/culture.ec.europa.eu\/cultural-and-creative-sectors\/books-and-publishing\/day-of-european-authors\">sitio web<\/a> donde encontrar informaci\u00f3n sobre c\u00f3mo pueden participar los centros educativos, bibliotecas y otras organizaciones. Adem\u00e1s, se puede consultar el <a href=\"https:\/\/ec.europa.eu\/assets\/eac\/culture\/day-of-european-authors\/factsheet-2023-day-of-eu-authors.pdf\"> folleto informativo<\/a>, junto con algunas <a href=\"https:\/\/ec.europa.eu\/assets\/eac\/culture\/day-of-european-authors\/2024-day-of-european-authors-get-inspired.pdf\"> historias inspiradoras<\/a> de la primera edici\u00f3n.<\/p>\n<p>Para registrar una actividad de lectura, simplemente hay que cumplimentar este <a href=\"https:\/\/ec.europa.eu\/eusurvey\/runner\/EuropeanAuthors2024\">formulario electr\u00f3nico<\/a>. &nbsp;<\/p>\n<p><a href=\"https:\/\/culture.ec.europa.eu\/cultural-and-creative-sectors\/books-and-publishing\/day-of-european-authors\"><img loading=\"lazy\" decoding=\"async\" class=\"aligncenter size-large wp-image-2368\" src=\"https:\/\/blogsaverroes.juntadeandalucia.es\/centrosbilinguessevilla\/files\/2024\/02\/Sin-t\u00edtulo-3-1024x428.jpg\" alt=\"\" width=\"1024\" height=\"428\" srcset=\"https:\/\/blogsaverroes.juntadeandalucia.es\/centrosbilinguessevilla\/files\/2024\/02\/Sin-t\u00edtulo-3-1024x428.jpg 1024w, https:\/\/blogsaverroes.juntadeandalucia.es\/centrosbilinguessevilla\/files\/2024\/02\/Sin-t\u00edtulo-3-300x125.jpg 300w, https:\/\/blogsaverroes.juntadeandalucia.es\/centrosbilinguessevilla\/files\/2024\/02\/Sin-t\u00edtulo-3-768x321.jpg 768w, https:\/\/blogsaverroes.juntadeandalucia.es\/centrosbilinguessevilla\/files\/2024\/02\/Sin-t\u00edtulo-3-1536x642.jpg 1536w, https:\/\/blogsaverroes.juntadeandalucia.es\/centrosbilinguessevilla\/files\/2024\/02\/Sin-t\u00edtulo-3.jpg 1589w\" sizes=\"(max-width: 1024px) 100vw, 1024px\" \/><\/a><\/p>\n","protected":false},"excerpt":{"rendered":"<p>El pr\u00f3ximo 25 de marzo se celebrar\u00e1 la segunda edici\u00f3n del \u201cD\u00eda de los Autores Europeos\u201d. Se trata de una iniciativa de la Comisi\u00f3n Europea que celebra la gran diversidad de la literatura europea&#46;&#46;&#46;<\/p>\n","protected":false},"author":1252,"featured_media":0,"comment_status":"open","ping_status":"open","sticky":false,"template":"","format":"standard","meta":{"ngg_post_thumbnail":0,"footnotes":""},"categories":[854,5],"tags":[],"aioseo_notices":[],"_links":{"self":[{"href":"https:\/\/blogsaverroes.juntadeandalucia.es\/centrosbilinguessevilla\/wp-json\/wp\/v2\/posts\/2366"}],"collection":[{"href":"https:\/\/blogsaverroes.juntadeandalucia.es\/centrosbilinguessevilla\/wp-json\/wp\/v2\/posts"}],"about":[{"href":"https:\/\/blogsaverroes.juntadeandalucia.es\/centrosbilinguessevilla\/wp-json\/wp\/v2\/types\/post"}],"author":[{"embeddable":true,"href":"https:\/\/blogsaverroes.juntadeandalucia.es\/centrosbilinguessevilla\/wp-json\/wp\/v2\/users\/1252"}],"replies":[{"embeddable":true,"href":"https:\/\/blogsaverroes.juntadeandalucia.es\/centrosbilinguessevilla\/wp-json\/wp\/v2\/comments?post=2366"}],"version-history":[{"count":3,"href":"https:\/\/blogsaverroes.juntadeandalucia.es\/centrosbilinguessevilla\/wp-json\/wp\/v2\/posts\/2366\/revisions"}],"predecessor-version":[{"id":2371,"href":"https:\/\/blogsaverroes.juntadeandalucia.es\/centrosbilinguessevilla\/wp-json\/wp\/v2\/posts\/2366\/revisions\/2371"}],"wp:attachment":[{"href":"https:\/\/blogsaverroes.juntadeandalucia.es\/centrosbilinguessevilla\/wp-json\/wp\/v2\/media?parent=2366"}],"wp:term":[{"taxonomy":"category","embeddable":true,"href":"https:\/\/blogsaverroes.juntadeandalucia.es\/centrosbilinguessevilla\/wp-json\/wp\/v2\/categories?post=2366"},{"taxonomy":"post_tag","embeddable":true,"href":"https:\/\/blogsaverroes.juntadeandalucia.es\/centrosbilinguessevilla\/wp-json\/wp\/v2\/tags?post=2366"}],"curies":[{"name":"wp","href":"https:\/\/api.w.org\/{rel}","templated":true}]}}