{"id":2415,"date":"2024-04-19T10:37:32","date_gmt":"2024-04-19T08:37:32","guid":{"rendered":"https:\/\/blogsaverroes.juntadeandalucia.es\/centrosbilinguessevilla\/?p=2415"},"modified":"2024-04-22T10:44:58","modified_gmt":"2024-04-22T08:44:58","slug":"inmersion-linguistica-profesorado-anl-centros-publicos-bilingues","status":"publish","type":"post","link":"https:\/\/blogsaverroes.juntadeandalucia.es\/centrosbilinguessevilla\/2024\/04\/19\/inmersion-linguistica-profesorado-anl-centros-publicos-bilingues\/","title":{"rendered":"Inmersi\u00f3n ling\u00fc\u00edstica profesorado ANL centros p\u00fablicos biling\u00fces"},"content":{"rendered":"<p><a title=\"Publicada Resoluci\u00f3n del listado solicitudes admitidas en cada uno de los idiomas y los listados de solicitudes excluidas correspondiente a la Resoluci\u00f3n de 4 de marzo de 2024, de la Direcci\u00f3n General de Tecnolog\u00edas Avanzadas y Transformaci\u00f3n Educativa, por la que se convocan plazas para realizar estancias de inmersi\u00f3n ling\u00fc\u00edstica para el profesorado con destino en los Centros P\u00fablicos Biling\u00fces dependientes de la Consejer\u00eda de Desarrollo Educativo y Formaci\u00f3n Profesional de la Comunidad Aut\u00f3noma de Andaluc\u00eda para el a\u00f1o 2024\" href=\"https:\/\/www.juntadeandalucia.es\/educacion\/portals\/web\/ced\/novedades\/-\/contenidos\/detalle\/resolucion-de-18-de-abril-de-2024-de-la-direccion-general-de-tecnologias-avanzadas-y-transformacion-educativa-por-la\" target=\"_self\" rel=\"noopener\">Publicada con fecha 18 de abril la Resoluci\u00f3n del listado solicitudes admitidas en cada uno de los idiomas y los listados de solicitudes excluidas correspondiente a la Resoluci\u00f3n de 4 de marzo de 2024, de la Direcci\u00f3n General de Tecnolog\u00edas Avanzadas y Transformaci\u00f3n Educativa, por la que se convocan plazas para realizar estancias de inmersi\u00f3n ling\u00fc\u00edstica para el profesorado con destino en los Centros P\u00fablicos Biling\u00fces dependientes de la Consejer\u00eda de Desarrollo Educativo y Formaci\u00f3n Profesional de la Comunidad Aut\u00f3noma de Andaluc\u00eda para el a\u00f1o 2024.<\/a><\/p>\n<p style=\"text-align: center\"><strong><span style=\"color: #ff0000\">A partir de hoy d\u00eda 19 se inicia el plazo de 10 d\u00edas h\u00e1biles para la presentaci\u00f3n de alegaciones.<\/span><\/strong><\/p>\n<p>&nbsp;<\/p>\n<p>&nbsp;<\/p>\n","protected":false},"excerpt":{"rendered":"<p>Publicada con fecha 18 de abril la Resoluci\u00f3n del listado solicitudes admitidas en cada uno de los idiomas y los listados de solicitudes excluidas correspondiente a la Resoluci\u00f3n de 4 de marzo de 2024,&#46;&#46;&#46;<\/p>\n","protected":false},"author":1252,"featured_media":0,"comment_status":"open","ping_status":"open","sticky":false,"template":"","format":"standard","meta":{"ngg_post_thumbnail":0,"footnotes":""},"categories":[5,796358],"tags":[],"aioseo_notices":[],"_links":{"self":[{"href":"https:\/\/blogsaverroes.juntadeandalucia.es\/centrosbilinguessevilla\/wp-json\/wp\/v2\/posts\/2415"}],"collection":[{"href":"https:\/\/blogsaverroes.juntadeandalucia.es\/centrosbilinguessevilla\/wp-json\/wp\/v2\/posts"}],"about":[{"href":"https:\/\/blogsaverroes.juntadeandalucia.es\/centrosbilinguessevilla\/wp-json\/wp\/v2\/types\/post"}],"author":[{"embeddable":true,"href":"https:\/\/blogsaverroes.juntadeandalucia.es\/centrosbilinguessevilla\/wp-json\/wp\/v2\/users\/1252"}],"replies":[{"embeddable":true,"href":"https:\/\/blogsaverroes.juntadeandalucia.es\/centrosbilinguessevilla\/wp-json\/wp\/v2\/comments?post=2415"}],"version-history":[{"count":2,"href":"https:\/\/blogsaverroes.juntadeandalucia.es\/centrosbilinguessevilla\/wp-json\/wp\/v2\/posts\/2415\/revisions"}],"predecessor-version":[{"id":2417,"href":"https:\/\/blogsaverroes.juntadeandalucia.es\/centrosbilinguessevilla\/wp-json\/wp\/v2\/posts\/2415\/revisions\/2417"}],"wp:attachment":[{"href":"https:\/\/blogsaverroes.juntadeandalucia.es\/centrosbilinguessevilla\/wp-json\/wp\/v2\/media?parent=2415"}],"wp:term":[{"taxonomy":"category","embeddable":true,"href":"https:\/\/blogsaverroes.juntadeandalucia.es\/centrosbilinguessevilla\/wp-json\/wp\/v2\/categories?post=2415"},{"taxonomy":"post_tag","embeddable":true,"href":"https:\/\/blogsaverroes.juntadeandalucia.es\/centrosbilinguessevilla\/wp-json\/wp\/v2\/tags?post=2415"}],"curies":[{"name":"wp","href":"https:\/\/api.w.org\/{rel}","templated":true}]}}