{"id":2418,"date":"2024-04-22T13:36:21","date_gmt":"2024-04-22T11:36:21","guid":{"rendered":"https:\/\/blogsaverroes.juntadeandalucia.es\/centrosbilinguessevilla\/?p=2418"},"modified":"2024-04-24T14:26:36","modified_gmt":"2024-04-24T12:26:36","slug":"2418","status":"publish","type":"post","link":"https:\/\/blogsaverroes.juntadeandalucia.es\/centrosbilinguessevilla\/2024\/04\/22\/2418\/","title":{"rendered":"Resoluci\u00f3n PicassoMob"},"content":{"rendered":"<p>El pasado d\u00eda 19 se public\u00f3 en la <a href=\"https:\/\/www.juntadeandalucia.es\/educacion\/portals\/web\/ced\">secci\u00f3n de novedades de la p\u00e1gina de la Consejer\u00eda<\/a> y en el <a href=\"https:\/\/www.juntadeandalucia.es\/educacion\/portales\/web\/programas-educativos-internacionales\">Portal de Programas Educativos Internacionales<\/a> se public\u00f3 la <a title=\"Resoluci\u00f3n de 19 de abril de 2024 de la Direcci\u00f3n General de Tecnolog\u00edas Avanzadas y Transformaci\u00f3n Educativa por la que se hace p\u00fablica la relaci\u00f3n de centros educativos seleccionados para participar en el Programa de Movilidad Individual del alumnado con reciprocidad para el curso 2024\/2025\" href=\"https:\/\/www.juntadeandalucia.es\/educacion\/portals\/web\/ced\/novedades\/-\/contenidos\/detalle\/resolucion-de-19-de-abril-de-2024-de-la-direccion-general-de-tecnologias-avanzadas-y-transformacion-educativa-por-la-14y4m9h05l8ve\" target=\"_self\" rel=\"noopener\">Resoluci\u00f3n de la Direcci\u00f3n General de Tecnolog\u00edas Avanzadas y Transformaci\u00f3n Educativa por la que se hace p\u00fablica la relaci\u00f3n de centros educativos seleccionados para participar en el Programa de Movilidad Individual del alumnado con reciprocidad para el curso 2024\/2025.<\/a><br \/>\n<a href=\"https:\/\/www.juntadeandalucia.es\/educacion\/portales\/web\/programas-educativos-internacionales\/w\/resolucion\"><img loading=\"lazy\" decoding=\"async\" class=\"alignleft wp-image-2419\" src=\"https:\/\/blogsaverroes.juntadeandalucia.es\/centrosbilinguessevilla\/files\/2024\/04\/Sin-titulo.jpg\" alt=\"\" width=\"705\" height=\"287\" srcset=\"https:\/\/blogsaverroes.juntadeandalucia.es\/centrosbilinguessevilla\/files\/2024\/04\/Sin-titulo.jpg 823w, https:\/\/blogsaverroes.juntadeandalucia.es\/centrosbilinguessevilla\/files\/2024\/04\/Sin-titulo-300x122.jpg 300w, https:\/\/blogsaverroes.juntadeandalucia.es\/centrosbilinguessevilla\/files\/2024\/04\/Sin-titulo-768x313.jpg 768w\" sizes=\"(max-width: 705px) 100vw, 705px\" \/><\/a><\/p>\n","protected":false},"excerpt":{"rendered":"<p>El pasado d\u00eda 19 se public\u00f3 en la secci\u00f3n de novedades de la p\u00e1gina de la Consejer\u00eda y en el Portal de Programas Educativos Internacionales se public\u00f3 la Resoluci\u00f3n de la Direcci\u00f3n General de&#46;&#46;&#46;<\/p>\n","protected":false},"author":1252,"featured_media":0,"comment_status":"open","ping_status":"open","sticky":false,"template":"","format":"standard","meta":{"ngg_post_thumbnail":0,"footnotes":""},"categories":[796368],"tags":[],"aioseo_notices":[],"_links":{"self":[{"href":"https:\/\/blogsaverroes.juntadeandalucia.es\/centrosbilinguessevilla\/wp-json\/wp\/v2\/posts\/2418"}],"collection":[{"href":"https:\/\/blogsaverroes.juntadeandalucia.es\/centrosbilinguessevilla\/wp-json\/wp\/v2\/posts"}],"about":[{"href":"https:\/\/blogsaverroes.juntadeandalucia.es\/centrosbilinguessevilla\/wp-json\/wp\/v2\/types\/post"}],"author":[{"embeddable":true,"href":"https:\/\/blogsaverroes.juntadeandalucia.es\/centrosbilinguessevilla\/wp-json\/wp\/v2\/users\/1252"}],"replies":[{"embeddable":true,"href":"https:\/\/blogsaverroes.juntadeandalucia.es\/centrosbilinguessevilla\/wp-json\/wp\/v2\/comments?post=2418"}],"version-history":[{"count":2,"href":"https:\/\/blogsaverroes.juntadeandalucia.es\/centrosbilinguessevilla\/wp-json\/wp\/v2\/posts\/2418\/revisions"}],"predecessor-version":[{"id":2423,"href":"https:\/\/blogsaverroes.juntadeandalucia.es\/centrosbilinguessevilla\/wp-json\/wp\/v2\/posts\/2418\/revisions\/2423"}],"wp:attachment":[{"href":"https:\/\/blogsaverroes.juntadeandalucia.es\/centrosbilinguessevilla\/wp-json\/wp\/v2\/media?parent=2418"}],"wp:term":[{"taxonomy":"category","embeddable":true,"href":"https:\/\/blogsaverroes.juntadeandalucia.es\/centrosbilinguessevilla\/wp-json\/wp\/v2\/categories?post=2418"},{"taxonomy":"post_tag","embeddable":true,"href":"https:\/\/blogsaverroes.juntadeandalucia.es\/centrosbilinguessevilla\/wp-json\/wp\/v2\/tags?post=2418"}],"curies":[{"name":"wp","href":"https:\/\/api.w.org\/{rel}","templated":true}]}}