{"id":2429,"date":"2024-05-02T13:41:16","date_gmt":"2024-05-02T11:41:16","guid":{"rendered":"https:\/\/blogsaverroes.juntadeandalucia.es\/centrosbilinguessevilla\/?p=2429"},"modified":"2024-05-02T13:41:16","modified_gmt":"2024-05-02T11:41:16","slug":"dia-de-europa-2024","status":"publish","type":"post","link":"https:\/\/blogsaverroes.juntadeandalucia.es\/centrosbilinguessevilla\/2024\/05\/02\/dia-de-europa-2024\/","title":{"rendered":"D\u00eda de Europa 2024"},"content":{"rendered":"<p>El pasado 30 de abril se publicaba en la secci\u00f3n de novedades de la p\u00e1gina de la Consejer\u00eda la instrucci\u00f3n de la Viceconsejer\u00eda para<a href=\"https:\/\/www.juntadeandalucia.es\/educacion\/portals\/web\/inspeccion-educativa\/normativa\/-\/normativas\/detalle\/instruccion-de-la-viceconsejeria-de-desarrollo-educativo-y-formacion-profesional-para-la-celebracion-del-dia-de-europa\"> la celebraci\u00f3n del D\u00eda de Europa en los centros docentes de la Comunidad Aut\u00f3noma Andaluza:<\/a><\/p>\n<p>(&#8230;) <em>Cada 9 de mayo, celebramos la paz y la unidad de Europa. Esta fecha marca el aniversario de la hist\u00f3rica \u00abDeclaraci\u00f3n Schuman\u00bb, discurso pronunciado en Par\u00eds en 1950 por el ministro de Asuntos Exteriores franc\u00e9s, Robert Schuman, que fue el primer paso para lo que es hoy en d\u00eda una realidad internacional. En este discurso expuso su idea de una nueva forma de cooperaci\u00f3n humana y pol\u00edtica en Europa, que <\/em><em>har\u00eda inconcebible la guerra entre naciones europeas. La propuesta de Schuman se considera el comienzo de lo que hoy es la Uni\u00f3n Europea. La conmemoraci\u00f3n de esta fecha tiene lugar desde 1985, tras su aprobaci\u00f3n por los Jefes de Estado y de gobierno reunidos en el Consejo Europeo.<\/em><\/p>\n<p><em>(&#8230;) Dada la relevancia que esta efem\u00e9ride representa para la consolidaci\u00f3n de un futuro de oportunidades que <\/em><em>contribuya al bienestar individual y colectivo de una sociedad global y en continua transformaci\u00f3n, se hace <\/em><em>conveniente conmemorar este evento en los centros docentes andaluces con la importancia que merece.<\/em><br \/>\n<em>Por ello, esta celebraci\u00f3n est\u00e1 orientada a fomentar en el alumnado valores de compromiso con la Uni\u00f3n <\/em><em>Europea, la cohesi\u00f3n social y la sostenibilidad, concienciando al alumnado de la importancia y necesidad de <\/em><em>ejercer la ciudadan\u00eda activa.<\/em><\/p>\n<p><em>(&#8230;) La programaci\u00f3n anteriormente mencionada incluir\u00e1 la realizaci\u00f3n de actividades sobre diversos <\/em><em>aspectos de la historia, cultura y geograf\u00eda as\u00ed como los s\u00edmbolos que constituyen sus se\u00f1as de identidad. Conjuntamente, se podr\u00e1 realizar el izado de la bandera europea y la interpretaci\u00f3n del himno europeo.<br \/>\n<\/em><\/p>\n<p>Junto a la citada instrucci\u00f3n se publica un anexo con recursos y propuestas did\u00e1cticas con motivo del D\u00eda de Europa.<\/p>\n<p>Desde la siguiente imagen se puede acceder a la web oficial de la UE&nbsp; y saber m\u00e1s sobre la celebraci\u00f3n, la <a href=\"https:\/\/european-union.europa.eu\/principles-countries-history\/history-eu_es\"><strong>historia<\/strong><\/a> de la Uni\u00f3n , sus <strong><a href=\"https:\/\/european-union.europa.eu\/principles-countries-history\/symbols_es\">s\u00edmbolos<\/a><\/strong>, sus&nbsp;<a href=\"https:\/\/european-union.europa.eu\/principles-countries-history\/languages_es\"><strong>lenguas<\/strong><\/a>, y los&nbsp;<a href=\"https:\/\/european-union.europa.eu\/principles-countries-history\/principles-and-values_es\"><strong>principios y valores<\/strong><\/a> que compartimos como ciudadanas\/os europeas\/os.<\/p>\n<p><a href=\"https:\/\/european-union.europa.eu\/principles-countries-history\/symbols\/europe-day_es\"><img loading=\"lazy\" decoding=\"async\" class=\"alignleft size-full wp-image-2430\" src=\"https:\/\/blogsaverroes.juntadeandalucia.es\/centrosbilinguessevilla\/files\/2024\/05\/Sin-titulo-2.jpg\" alt=\"\" width=\"1407\" height=\"534\" srcset=\"https:\/\/blogsaverroes.juntadeandalucia.es\/centrosbilinguessevilla\/files\/2024\/05\/Sin-titulo-2.jpg 1407w, https:\/\/blogsaverroes.juntadeandalucia.es\/centrosbilinguessevilla\/files\/2024\/05\/Sin-titulo-2-300x114.jpg 300w, https:\/\/blogsaverroes.juntadeandalucia.es\/centrosbilinguessevilla\/files\/2024\/05\/Sin-titulo-2-1024x389.jpg 1024w, https:\/\/blogsaverroes.juntadeandalucia.es\/centrosbilinguessevilla\/files\/2024\/05\/Sin-titulo-2-768x291.jpg 768w\" sizes=\"(max-width: 1407px) 100vw, 1407px\" \/><\/a>Para organizar la propia celebraci\u00f3n en la<strong><a href=\"https:\/\/learning-corner.learning.europa.eu\/learning-corner_es\">&nbsp;Zona de aprendizaje<\/a><\/strong> de la p\u00e1gina de la Uni\u00f3n hay disponible <strong><a href=\"https:\/\/learning-corner.learning.europa.eu\/learning-corner\/learning-materials_es\">Material did\u00e1ctico<\/a>&nbsp;<\/strong>y<a href=\"https:\/\/learning-corner.learning.europa.eu\/learning-corner\/play-games_es\"><strong>&nbsp;Juegos<\/strong><\/a> que pueden ser muy \u00fatiles.<\/p>\n<p>Desde 2022, la entrada sobre esta celebraci\u00f3n alude a lo dif\u00edcil que resulta celebrar este D\u00eda cuando a 4000 kms sigue desarroll\u00e1ndose una guerra en suelo europeo. Tal vez, esta circunstancia hace m\u00e1s necesario a\u00fan conocer y valorar la Uni\u00f3n a la que pertenecemos.<\/p>\n<p>Como dec\u00eda en 2023: <span style=\"color: #008000\"><strong>\u00a1Ojal\u00e1 pueda escribir una entrada similar en 2025 sin tener que hacer ninguna referencia a <span style=\"text-decoration: underline\">ninguna guerra, en ning\u00fan pa\u00eds, europeo o no!<\/span><\/strong><\/span><\/p>\n","protected":false},"excerpt":{"rendered":"<p>El pasado 30 de abril se publicaba en la secci\u00f3n de novedades de la p\u00e1gina de la Consejer\u00eda la instrucci\u00f3n de la Viceconsejer\u00eda para la celebraci\u00f3n del D\u00eda de Europa en los centros docentes&#46;&#46;&#46;<\/p>\n","protected":false},"author":1252,"featured_media":0,"comment_status":"open","ping_status":"open","sticky":false,"template":"","format":"standard","meta":{"ngg_post_thumbnail":0,"footnotes":""},"categories":[854],"tags":[],"aioseo_notices":[],"_links":{"self":[{"href":"https:\/\/blogsaverroes.juntadeandalucia.es\/centrosbilinguessevilla\/wp-json\/wp\/v2\/posts\/2429"}],"collection":[{"href":"https:\/\/blogsaverroes.juntadeandalucia.es\/centrosbilinguessevilla\/wp-json\/wp\/v2\/posts"}],"about":[{"href":"https:\/\/blogsaverroes.juntadeandalucia.es\/centrosbilinguessevilla\/wp-json\/wp\/v2\/types\/post"}],"author":[{"embeddable":true,"href":"https:\/\/blogsaverroes.juntadeandalucia.es\/centrosbilinguessevilla\/wp-json\/wp\/v2\/users\/1252"}],"replies":[{"embeddable":true,"href":"https:\/\/blogsaverroes.juntadeandalucia.es\/centrosbilinguessevilla\/wp-json\/wp\/v2\/comments?post=2429"}],"version-history":[{"count":1,"href":"https:\/\/blogsaverroes.juntadeandalucia.es\/centrosbilinguessevilla\/wp-json\/wp\/v2\/posts\/2429\/revisions"}],"predecessor-version":[{"id":2431,"href":"https:\/\/blogsaverroes.juntadeandalucia.es\/centrosbilinguessevilla\/wp-json\/wp\/v2\/posts\/2429\/revisions\/2431"}],"wp:attachment":[{"href":"https:\/\/blogsaverroes.juntadeandalucia.es\/centrosbilinguessevilla\/wp-json\/wp\/v2\/media?parent=2429"}],"wp:term":[{"taxonomy":"category","embeddable":true,"href":"https:\/\/blogsaverroes.juntadeandalucia.es\/centrosbilinguessevilla\/wp-json\/wp\/v2\/categories?post=2429"},{"taxonomy":"post_tag","embeddable":true,"href":"https:\/\/blogsaverroes.juntadeandalucia.es\/centrosbilinguessevilla\/wp-json\/wp\/v2\/tags?post=2429"}],"curies":[{"name":"wp","href":"https:\/\/api.w.org\/{rel}","templated":true}]}}