{"id":2432,"date":"2024-05-02T13:16:18","date_gmt":"2024-05-02T11:16:18","guid":{"rendered":"https:\/\/blogsaverroes.juntadeandalucia.es\/centrosbilinguessevilla\/?p=2432"},"modified":"2024-05-03T12:32:40","modified_gmt":"2024-05-03T10:32:40","slug":"2432","status":"publish","type":"post","link":"https:\/\/blogsaverroes.juntadeandalucia.es\/centrosbilinguessevilla\/2024\/05\/02\/2432\/","title":{"rendered":"6\u00ba webinario Le coin du prof"},"content":{"rendered":"<div>El<b><span style=\"color: #ff0000\"> pr\u00f3ximo jueves 9 de mayo <\/span><\/b>a las 17h30 tendr\u00e1 lugar el sexto webinario del ciclo organizado por el Institut fran\u00e7ais d\u00b4Espagne. En esta ocasi\u00f3n se abordar\u00e1 la movilidad del alumnado y del profesorado.<\/div>\n<div>La inscripci\u00f3n para participar en el webinario puede realizarse en el siguiente enlace:<strong> <a class=\"moz-txt-link-freetext\" href=\"https:\/\/us06web.zoom.us\/webinar\/register\/WN_LPu5mey1SZiS1gw0TkqqMw\" target=\"_blank\" rel=\"noopener\">https:\/\/us06web.zoom.us\/webinar\/register\/WN_LPu5mey1SZiS1gw0TkqqMw<\/a><\/strong><\/div>\n<div>Las grabaciones de los webinarios anteriores est\u00e1n disponibles en el<strong><a href=\"https:\/\/www.youtube.com\/@cooperarparaelfrances6040\"> canal de youtube del Institut<\/a><\/strong>.<\/div>\n<p><a href=\"https:\/\/www.institutfrancais.es\/programas-y-ayudas\/profesores\/le-coin-du-prof\/\"><img loading=\"lazy\" decoding=\"async\" class=\"alignleft size-full wp-image-2433\" src=\"https:\/\/blogsaverroes.juntadeandalucia.es\/centrosbilinguessevilla\/files\/2024\/05\/Sin-titulo-3.jpg\" alt=\"\" width=\"1343\" height=\"533\" srcset=\"https:\/\/blogsaverroes.juntadeandalucia.es\/centrosbilinguessevilla\/files\/2024\/05\/Sin-titulo-3.jpg 1343w, https:\/\/blogsaverroes.juntadeandalucia.es\/centrosbilinguessevilla\/files\/2024\/05\/Sin-titulo-3-300x119.jpg 300w, https:\/\/blogsaverroes.juntadeandalucia.es\/centrosbilinguessevilla\/files\/2024\/05\/Sin-titulo-3-1024x406.jpg 1024w, https:\/\/blogsaverroes.juntadeandalucia.es\/centrosbilinguessevilla\/files\/2024\/05\/Sin-titulo-3-768x305.jpg 768w\" sizes=\"(max-width: 1343px) 100vw, 1343px\" \/><\/a><\/p>\n<p>&nbsp;<\/p>\n<p>&nbsp;<\/p>\n","protected":false},"excerpt":{"rendered":"<p>El pr\u00f3ximo jueves 9 de mayo a las 17h30 tendr\u00e1 lugar el sexto webinario del ciclo organizado por el Institut fran\u00e7ais d\u00b4Espagne. En esta ocasi\u00f3n se abordar\u00e1 la movilidad del alumnado y del profesorado.&#46;&#46;&#46;<\/p>\n","protected":false},"author":1252,"featured_media":0,"comment_status":"open","ping_status":"open","sticky":false,"template":"","format":"standard","meta":{"ngg_post_thumbnail":0,"footnotes":""},"categories":[5,796358],"tags":[],"aioseo_notices":[],"_links":{"self":[{"href":"https:\/\/blogsaverroes.juntadeandalucia.es\/centrosbilinguessevilla\/wp-json\/wp\/v2\/posts\/2432"}],"collection":[{"href":"https:\/\/blogsaverroes.juntadeandalucia.es\/centrosbilinguessevilla\/wp-json\/wp\/v2\/posts"}],"about":[{"href":"https:\/\/blogsaverroes.juntadeandalucia.es\/centrosbilinguessevilla\/wp-json\/wp\/v2\/types\/post"}],"author":[{"embeddable":true,"href":"https:\/\/blogsaverroes.juntadeandalucia.es\/centrosbilinguessevilla\/wp-json\/wp\/v2\/users\/1252"}],"replies":[{"embeddable":true,"href":"https:\/\/blogsaverroes.juntadeandalucia.es\/centrosbilinguessevilla\/wp-json\/wp\/v2\/comments?post=2432"}],"version-history":[{"count":2,"href":"https:\/\/blogsaverroes.juntadeandalucia.es\/centrosbilinguessevilla\/wp-json\/wp\/v2\/posts\/2432\/revisions"}],"predecessor-version":[{"id":2435,"href":"https:\/\/blogsaverroes.juntadeandalucia.es\/centrosbilinguessevilla\/wp-json\/wp\/v2\/posts\/2432\/revisions\/2435"}],"wp:attachment":[{"href":"https:\/\/blogsaverroes.juntadeandalucia.es\/centrosbilinguessevilla\/wp-json\/wp\/v2\/media?parent=2432"}],"wp:term":[{"taxonomy":"category","embeddable":true,"href":"https:\/\/blogsaverroes.juntadeandalucia.es\/centrosbilinguessevilla\/wp-json\/wp\/v2\/categories?post=2432"},{"taxonomy":"post_tag","embeddable":true,"href":"https:\/\/blogsaverroes.juntadeandalucia.es\/centrosbilinguessevilla\/wp-json\/wp\/v2\/tags?post=2432"}],"curies":[{"name":"wp","href":"https:\/\/api.w.org\/{rel}","templated":true}]}}