{"id":2449,"date":"2024-05-08T23:06:26","date_gmt":"2024-05-08T21:06:26","guid":{"rendered":"https:\/\/blogsaverroes.juntadeandalucia.es\/centrosbilinguessevilla\/?p=2449"},"modified":"2024-05-13T15:50:40","modified_gmt":"2024-05-13T13:50:40","slug":"reunion-de-coordinacion-mayo-2024","status":"publish","type":"post","link":"https:\/\/blogsaverroes.juntadeandalucia.es\/centrosbilinguessevilla\/2024\/05\/08\/reunion-de-coordinacion-mayo-2024\/","title":{"rendered":"Reuni\u00f3n de coordinaci\u00f3n mayo 2024"},"content":{"rendered":"<p>Desde la siguiente imagen se puede acceder a la presentaci\u00f3n de la <a href=\"https:\/\/blogsaverroes.juntadeandalucia.es\/centrosbilinguessevilla\/files\/2024\/05\/Reunion-de-coordinacion-mayo-2024-1.pdf\">Reuni\u00f3n de coordinaci\u00f3n celebrada hoy 8 de mayo de 2024<\/a><\/p>\n<p><a href=\"https:\/\/blogsaverroes.juntadeandalucia.es\/centrosbilinguessevilla\/files\/2024\/05\/Reunion-de-coordinacion-mayo-2024-1.pdf\"><img loading=\"lazy\" decoding=\"async\" class=\"aligncenter size-full wp-image-2451\" src=\"https:\/\/blogsaverroes.juntadeandalucia.es\/centrosbilinguessevilla\/files\/2024\/05\/Sin-titulo-6.jpg\" alt=\"\" width=\"853\" height=\"482\" srcset=\"https:\/\/blogsaverroes.juntadeandalucia.es\/centrosbilinguessevilla\/files\/2024\/05\/Sin-titulo-6.jpg 853w, https:\/\/blogsaverroes.juntadeandalucia.es\/centrosbilinguessevilla\/files\/2024\/05\/Sin-titulo-6-300x170.jpg 300w, https:\/\/blogsaverroes.juntadeandalucia.es\/centrosbilinguessevilla\/files\/2024\/05\/Sin-titulo-6-768x434.jpg 768w\" sizes=\"(max-width: 853px) 100vw, 853px\" \/><\/a><\/p>\n<p><span style=\"color: #000080\"><strong>\u00a1Gracias por vuestra participaci\u00f3n e inmensa colaboraci\u00f3n para que la reuni\u00f3n haya podido celebrarse!<\/strong><\/span><\/p>\n","protected":false},"excerpt":{"rendered":"<p>Desde la siguiente imagen se puede acceder a la presentaci\u00f3n de la Reuni\u00f3n de coordinaci\u00f3n celebrada hoy 8 de mayo de 2024 \u00a1Gracias por vuestra participaci\u00f3n e inmensa colaboraci\u00f3n para que la reuni\u00f3n haya&#46;&#46;&#46;<\/p>\n","protected":false},"author":1252,"featured_media":0,"comment_status":"open","ping_status":"open","sticky":false,"template":"","format":"standard","meta":{"ngg_post_thumbnail":0,"footnotes":""},"categories":[796361,796352],"tags":[],"aioseo_notices":[],"_links":{"self":[{"href":"https:\/\/blogsaverroes.juntadeandalucia.es\/centrosbilinguessevilla\/wp-json\/wp\/v2\/posts\/2449"}],"collection":[{"href":"https:\/\/blogsaverroes.juntadeandalucia.es\/centrosbilinguessevilla\/wp-json\/wp\/v2\/posts"}],"about":[{"href":"https:\/\/blogsaverroes.juntadeandalucia.es\/centrosbilinguessevilla\/wp-json\/wp\/v2\/types\/post"}],"author":[{"embeddable":true,"href":"https:\/\/blogsaverroes.juntadeandalucia.es\/centrosbilinguessevilla\/wp-json\/wp\/v2\/users\/1252"}],"replies":[{"embeddable":true,"href":"https:\/\/blogsaverroes.juntadeandalucia.es\/centrosbilinguessevilla\/wp-json\/wp\/v2\/comments?post=2449"}],"version-history":[{"count":4,"href":"https:\/\/blogsaverroes.juntadeandalucia.es\/centrosbilinguessevilla\/wp-json\/wp\/v2\/posts\/2449\/revisions"}],"predecessor-version":[{"id":2457,"href":"https:\/\/blogsaverroes.juntadeandalucia.es\/centrosbilinguessevilla\/wp-json\/wp\/v2\/posts\/2449\/revisions\/2457"}],"wp:attachment":[{"href":"https:\/\/blogsaverroes.juntadeandalucia.es\/centrosbilinguessevilla\/wp-json\/wp\/v2\/media?parent=2449"}],"wp:term":[{"taxonomy":"category","embeddable":true,"href":"https:\/\/blogsaverroes.juntadeandalucia.es\/centrosbilinguessevilla\/wp-json\/wp\/v2\/categories?post=2449"},{"taxonomy":"post_tag","embeddable":true,"href":"https:\/\/blogsaverroes.juntadeandalucia.es\/centrosbilinguessevilla\/wp-json\/wp\/v2\/tags?post=2449"}],"curies":[{"name":"wp","href":"https:\/\/api.w.org\/{rel}","templated":true}]}}