{"id":2500,"date":"2024-07-26T13:46:34","date_gmt":"2024-07-26T11:46:34","guid":{"rendered":"https:\/\/blogsaverroes.juntadeandalucia.es\/centrosbilinguessevilla\/?p=2500"},"modified":"2024-07-26T13:46:34","modified_gmt":"2024-07-26T11:46:34","slug":"resolucion-programa-de-intercambios-escolares-para-el-curso-2024-25","status":"publish","type":"post","link":"https:\/\/blogsaverroes.juntadeandalucia.es\/centrosbilinguessevilla\/2024\/07\/26\/resolucion-programa-de-intercambios-escolares-para-el-curso-2024-25\/","title":{"rendered":"Resoluci\u00f3n programa de intercambios escolares para el curso 2024\/25"},"content":{"rendered":"<p><img loading=\"lazy\" decoding=\"async\" class=\"wp-image-2501 size-medium alignleft\" src=\"https:\/\/blogsaverroes.juntadeandalucia.es\/centrosbilinguessevilla\/files\/2024\/07\/movilidad-internacional-1210x681-1-768x432-1-300x169.jpg\" alt=\"\" width=\"300\" height=\"169\" srcset=\"https:\/\/blogsaverroes.juntadeandalucia.es\/centrosbilinguessevilla\/files\/2024\/07\/movilidad-internacional-1210x681-1-768x432-1-300x169.jpg 300w, https:\/\/blogsaverroes.juntadeandalucia.es\/centrosbilinguessevilla\/files\/2024\/07\/movilidad-internacional-1210x681-1-768x432-1.jpg 768w\" sizes=\"(max-width: 300px) 100vw, 300px\" \/>En la secci\u00f3n de novedades de la p\u00e1gina de la Consejer\u00eda se ha publicado en la ma\u00f1ana de hoy la <a title=\"Se publica (mediante Resoluci\u00f3n) la concesi\u00f3n del Programa de Intercambios Escolares de los Institutos de Ense\u00f1anza Secundaria dependientes de la Junta de Andaluc\u00eda con centros educativos de pa\u00edses de habla alemana, china (mandar\u00edn), francesa, inglesa, italiana y portuguesa para el curso 2024\/20225\" href=\"https:\/\/www.juntadeandalucia.es\/educacion\/portals\/web\/ced\/novedades\/-\/contenidos\/detalle\/resolucion-de-la-direccion-general-de-tecnologias-avanzadas-y-transformacion-educativa-de-23-de-julio-de-2024-por-la\" target=\"_self\" rel=\"noopener\">Resoluci\u00f3n de concesi\u00f3n del Programa de Intercambios Escolares de los Institutos de Ense\u00f1anza Secundaria dependientes de la Junta de Andaluc\u00eda con centros educativos de pa\u00edses de habla alemana, china (mandar\u00edn), francesa, inglesa, italiana y portuguesa para el curso 2024\/2025<\/a><\/p>\n<p><span style=\"color: #333399\"><strong>En nuestra provincia 17 IES han sido seleccionados para la realizaci\u00f3n de sus respectivos intercambios: 1 con Italia, 2 con Irlanda y 14 con Francia.<\/strong><\/span><\/p>\n","protected":false},"excerpt":{"rendered":"<p>En la secci\u00f3n de novedades de la p\u00e1gina de la Consejer\u00eda se ha publicado en la ma\u00f1ana de hoy la Resoluci\u00f3n de concesi\u00f3n del Programa de Intercambios Escolares de los Institutos de Ense\u00f1anza Secundaria&#46;&#46;&#46;<\/p>\n","protected":false},"author":1252,"featured_media":0,"comment_status":"open","ping_status":"open","sticky":false,"template":"","format":"standard","meta":{"ngg_post_thumbnail":0,"footnotes":""},"categories":[5,796360],"tags":[],"aioseo_notices":[],"_links":{"self":[{"href":"https:\/\/blogsaverroes.juntadeandalucia.es\/centrosbilinguessevilla\/wp-json\/wp\/v2\/posts\/2500"}],"collection":[{"href":"https:\/\/blogsaverroes.juntadeandalucia.es\/centrosbilinguessevilla\/wp-json\/wp\/v2\/posts"}],"about":[{"href":"https:\/\/blogsaverroes.juntadeandalucia.es\/centrosbilinguessevilla\/wp-json\/wp\/v2\/types\/post"}],"author":[{"embeddable":true,"href":"https:\/\/blogsaverroes.juntadeandalucia.es\/centrosbilinguessevilla\/wp-json\/wp\/v2\/users\/1252"}],"replies":[{"embeddable":true,"href":"https:\/\/blogsaverroes.juntadeandalucia.es\/centrosbilinguessevilla\/wp-json\/wp\/v2\/comments?post=2500"}],"version-history":[{"count":1,"href":"https:\/\/blogsaverroes.juntadeandalucia.es\/centrosbilinguessevilla\/wp-json\/wp\/v2\/posts\/2500\/revisions"}],"predecessor-version":[{"id":2502,"href":"https:\/\/blogsaverroes.juntadeandalucia.es\/centrosbilinguessevilla\/wp-json\/wp\/v2\/posts\/2500\/revisions\/2502"}],"wp:attachment":[{"href":"https:\/\/blogsaverroes.juntadeandalucia.es\/centrosbilinguessevilla\/wp-json\/wp\/v2\/media?parent=2500"}],"wp:term":[{"taxonomy":"category","embeddable":true,"href":"https:\/\/blogsaverroes.juntadeandalucia.es\/centrosbilinguessevilla\/wp-json\/wp\/v2\/categories?post=2500"},{"taxonomy":"post_tag","embeddable":true,"href":"https:\/\/blogsaverroes.juntadeandalucia.es\/centrosbilinguessevilla\/wp-json\/wp\/v2\/tags?post=2500"}],"curies":[{"name":"wp","href":"https:\/\/api.w.org\/{rel}","templated":true}]}}