{"id":2521,"date":"2024-09-04T13:06:56","date_gmt":"2024-09-04T11:06:56","guid":{"rendered":"https:\/\/blogsaverroes.juntadeandalucia.es\/centrosbilinguessevilla\/?p=2521"},"modified":"2024-09-04T13:08:57","modified_gmt":"2024-09-04T11:08:57","slug":"jornada-informativa-erasmus-days-2024","status":"publish","type":"post","link":"https:\/\/blogsaverroes.juntadeandalucia.es\/centrosbilinguessevilla\/2024\/09\/04\/jornada-informativa-erasmus-days-2024\/","title":{"rendered":"Jornada informativa Erasmus Days 2024"},"content":{"rendered":"<p>Organizada por el <a href=\"http:\/\/sepie.es\/\"><strong><span style=\"color: #000080\">SEPIE<\/span><\/strong><\/a>, el pr\u00f3ximo jueves d\u00eda 5, de las 12,00h a las 13,00h, se realizar\u00e1 una jornada informativa sobre c\u00f3mo participar en los <a href=\"https:\/\/www.erasmusdays.eu\/\"><strong><span style=\"color: #000080\">Erasmus Days<\/span><\/strong><\/a>. Ser\u00e1 retransmitida en abierto a trav\u00e9s del <a href=\"https:\/\/www.youtube.com\/live\/jF3OTY74pPc\"><span style=\"color: #000080\"><strong>canal de youtube del SEPIE<\/strong><\/span><\/a> y puede ser una excelente manera de iniciar el curso y promover los valores comunes europeos.<\/p>\n<p style=\"text-align: center\"><span style=\"color: #000080\"><strong>Desde la siguiente imagen se puede acceder a toda la informaci\u00f3n sobre la actividad y sobre la campa\u00f1a.<\/strong><\/span><\/p>\n<p><a href=\"http:\/\/sepie.es\/\"><img loading=\"lazy\" decoding=\"async\" class=\"aligncenter size-large wp-image-2522\" src=\"https:\/\/blogsaverroes.juntadeandalucia.es\/centrosbilinguessevilla\/files\/2024\/09\/Sin-titulo-1-1024x348.jpg\" alt=\"\" width=\"1024\" height=\"348\" srcset=\"https:\/\/blogsaverroes.juntadeandalucia.es\/centrosbilinguessevilla\/files\/2024\/09\/Sin-titulo-1-1024x348.jpg 1024w, https:\/\/blogsaverroes.juntadeandalucia.es\/centrosbilinguessevilla\/files\/2024\/09\/Sin-titulo-1-300x102.jpg 300w, https:\/\/blogsaverroes.juntadeandalucia.es\/centrosbilinguessevilla\/files\/2024\/09\/Sin-titulo-1-768x261.jpg 768w, https:\/\/blogsaverroes.juntadeandalucia.es\/centrosbilinguessevilla\/files\/2024\/09\/Sin-titulo-1-1536x522.jpg 1536w, https:\/\/blogsaverroes.juntadeandalucia.es\/centrosbilinguessevilla\/files\/2024\/09\/Sin-titulo-1.jpg 1600w\" sizes=\"(max-width: 1024px) 100vw, 1024px\" \/><\/a><\/p>\n<p>&nbsp;<\/p>\n","protected":false},"excerpt":{"rendered":"<p>Organizada por el SEPIE, el pr\u00f3ximo jueves d\u00eda 5, de las 12,00h a las 13,00h, se realizar\u00e1 una jornada informativa sobre c\u00f3mo participar en los Erasmus Days. Ser\u00e1 retransmitida en abierto a trav\u00e9s del&#46;&#46;&#46;<\/p>\n","protected":false},"author":1252,"featured_media":0,"comment_status":"open","ping_status":"open","sticky":false,"template":"","format":"standard","meta":{"ngg_post_thumbnail":0,"footnotes":""},"categories":[854,5,21040],"tags":[],"aioseo_notices":[],"_links":{"self":[{"href":"https:\/\/blogsaverroes.juntadeandalucia.es\/centrosbilinguessevilla\/wp-json\/wp\/v2\/posts\/2521"}],"collection":[{"href":"https:\/\/blogsaverroes.juntadeandalucia.es\/centrosbilinguessevilla\/wp-json\/wp\/v2\/posts"}],"about":[{"href":"https:\/\/blogsaverroes.juntadeandalucia.es\/centrosbilinguessevilla\/wp-json\/wp\/v2\/types\/post"}],"author":[{"embeddable":true,"href":"https:\/\/blogsaverroes.juntadeandalucia.es\/centrosbilinguessevilla\/wp-json\/wp\/v2\/users\/1252"}],"replies":[{"embeddable":true,"href":"https:\/\/blogsaverroes.juntadeandalucia.es\/centrosbilinguessevilla\/wp-json\/wp\/v2\/comments?post=2521"}],"version-history":[{"count":2,"href":"https:\/\/blogsaverroes.juntadeandalucia.es\/centrosbilinguessevilla\/wp-json\/wp\/v2\/posts\/2521\/revisions"}],"predecessor-version":[{"id":2524,"href":"https:\/\/blogsaverroes.juntadeandalucia.es\/centrosbilinguessevilla\/wp-json\/wp\/v2\/posts\/2521\/revisions\/2524"}],"wp:attachment":[{"href":"https:\/\/blogsaverroes.juntadeandalucia.es\/centrosbilinguessevilla\/wp-json\/wp\/v2\/media?parent=2521"}],"wp:term":[{"taxonomy":"category","embeddable":true,"href":"https:\/\/blogsaverroes.juntadeandalucia.es\/centrosbilinguessevilla\/wp-json\/wp\/v2\/categories?post=2521"},{"taxonomy":"post_tag","embeddable":true,"href":"https:\/\/blogsaverroes.juntadeandalucia.es\/centrosbilinguessevilla\/wp-json\/wp\/v2\/tags?post=2521"}],"curies":[{"name":"wp","href":"https:\/\/api.w.org\/{rel}","templated":true}]}}