{"id":2581,"date":"2024-11-15T08:13:44","date_gmt":"2024-11-15T06:13:44","guid":{"rendered":"https:\/\/blogsaverroes.juntadeandalucia.es\/centrosbilinguessevilla\/?p=2581"},"modified":"2024-11-15T13:49:31","modified_gmt":"2024-11-15T11:49:31","slug":"2581","status":"publish","type":"post","link":"https:\/\/blogsaverroes.juntadeandalucia.es\/centrosbilinguessevilla\/2024\/11\/15\/2581\/","title":{"rendered":"Convocatoria NOOC Sinergias entre eTwinning y Erasmus+"},"content":{"rendered":"<p>Organizado por el SNA eTwinning,&nbsp; ya est\u00e1 abierta la <strong><a href=\"https:\/\/enlinea.intef.es\/courses\/course-v1:INTEF+nooceTwErasmusplus+2024_T1\/about\">inscripci\u00f3n<\/a><\/strong> para el <strong><span style=\"color: #993366\"><i>NOOC Sinergias entre eTwinning y Erasmus+<\/i><\/span><\/strong> que comienza <b>el pr\u00f3ximo d\u00eda 20 de noviembre de 2024<\/b>.<\/p>\n<p>El objetivo de la actividad es mostrar c\u00f3mo eTwinning beneficia y enriquece los proyectos Erasmus+ antes, durante y al finalizar el desarrollo de \u00e9stos.<\/p>\n<p style=\"text-align: center\"><strong><span style=\"color: #993366\">Desde la siguiente imagen se puede acceder a toda la informaci\u00f3n sobre el NOOC (Nano Open Online Course)<\/span><\/strong><\/p>\n<p><a href=\"https:\/\/enlinea.intef.es\/courses\/course-v1:INTEF+nooceTwErasmusplus+2024_T1\/about\"><img loading=\"lazy\" decoding=\"async\" class=\"aligncenter size-large wp-image-2582\" src=\"https:\/\/blogsaverroes.juntadeandalucia.es\/centrosbilinguessevilla\/files\/2024\/11\/Sin-titulo-5-1024x695.jpg\" alt=\"\" width=\"1024\" height=\"695\" srcset=\"https:\/\/blogsaverroes.juntadeandalucia.es\/centrosbilinguessevilla\/files\/2024\/11\/Sin-titulo-5-1024x695.jpg 1024w, https:\/\/blogsaverroes.juntadeandalucia.es\/centrosbilinguessevilla\/files\/2024\/11\/Sin-titulo-5-300x204.jpg 300w, https:\/\/blogsaverroes.juntadeandalucia.es\/centrosbilinguessevilla\/files\/2024\/11\/Sin-titulo-5-768x521.jpg 768w, https:\/\/blogsaverroes.juntadeandalucia.es\/centrosbilinguessevilla\/files\/2024\/11\/Sin-titulo-5.jpg 1342w\" sizes=\"(max-width: 1024px) 100vw, 1024px\" \/><\/a><\/p>\n","protected":false},"excerpt":{"rendered":"<p>Organizado por el SNA eTwinning,&nbsp; ya est\u00e1 abierta la inscripci\u00f3n para el NOOC Sinergias entre eTwinning y Erasmus+ que comienza el pr\u00f3ximo d\u00eda 20 de noviembre de 2024. El objetivo de la actividad es&#46;&#46;&#46;<\/p>\n","protected":false},"author":1252,"featured_media":0,"comment_status":"open","ping_status":"open","sticky":false,"template":"","format":"standard","meta":{"ngg_post_thumbnail":0,"footnotes":""},"categories":[5,21040,10635,796358],"tags":[],"aioseo_notices":[],"_links":{"self":[{"href":"https:\/\/blogsaverroes.juntadeandalucia.es\/centrosbilinguessevilla\/wp-json\/wp\/v2\/posts\/2581"}],"collection":[{"href":"https:\/\/blogsaverroes.juntadeandalucia.es\/centrosbilinguessevilla\/wp-json\/wp\/v2\/posts"}],"about":[{"href":"https:\/\/blogsaverroes.juntadeandalucia.es\/centrosbilinguessevilla\/wp-json\/wp\/v2\/types\/post"}],"author":[{"embeddable":true,"href":"https:\/\/blogsaverroes.juntadeandalucia.es\/centrosbilinguessevilla\/wp-json\/wp\/v2\/users\/1252"}],"replies":[{"embeddable":true,"href":"https:\/\/blogsaverroes.juntadeandalucia.es\/centrosbilinguessevilla\/wp-json\/wp\/v2\/comments?post=2581"}],"version-history":[{"count":4,"href":"https:\/\/blogsaverroes.juntadeandalucia.es\/centrosbilinguessevilla\/wp-json\/wp\/v2\/posts\/2581\/revisions"}],"predecessor-version":[{"id":2586,"href":"https:\/\/blogsaverroes.juntadeandalucia.es\/centrosbilinguessevilla\/wp-json\/wp\/v2\/posts\/2581\/revisions\/2586"}],"wp:attachment":[{"href":"https:\/\/blogsaverroes.juntadeandalucia.es\/centrosbilinguessevilla\/wp-json\/wp\/v2\/media?parent=2581"}],"wp:term":[{"taxonomy":"category","embeddable":true,"href":"https:\/\/blogsaverroes.juntadeandalucia.es\/centrosbilinguessevilla\/wp-json\/wp\/v2\/categories?post=2581"},{"taxonomy":"post_tag","embeddable":true,"href":"https:\/\/blogsaverroes.juntadeandalucia.es\/centrosbilinguessevilla\/wp-json\/wp\/v2\/tags?post=2581"}],"curies":[{"name":"wp","href":"https:\/\/api.w.org\/{rel}","templated":true}]}}