{"id":2657,"date":"2025-01-23T11:30:46","date_gmt":"2025-01-23T09:30:46","guid":{"rendered":"https:\/\/blogsaverroes.juntadeandalucia.es\/centrosbilinguessevilla\/?p=2657"},"modified":"2025-01-23T13:55:00","modified_gmt":"2025-01-23T11:55:00","slug":"15-preguntas-a-partir-de-los-rasgos-distintivos-de-la-ensenanza-bilingue","status":"publish","type":"post","link":"https:\/\/blogsaverroes.juntadeandalucia.es\/centrosbilinguessevilla\/2025\/01\/23\/15-preguntas-a-partir-de-los-rasgos-distintivos-de-la-ensenanza-bilingue\/","title":{"rendered":"15 preguntas a partir de los rasgos distintivos de la ense\u00f1anza biling\u00fce"},"content":{"rendered":"<p>Ayer se inici\u00f3 una actividad formativa dirigida a los centros biling\u00fces que se va a prolongar durante los pr\u00f3ximos dos mi\u00e9rcoles. Como dije a las\/los participantes en la inauguraci\u00f3n, muchas personas participan en actividades de formaci\u00f3n con el prop\u00f3sito de encontrar respuestas y, sin embargo, les propuse en mi intervenci\u00f3n preguntas, 15 preguntas, a partir de los rasgos distintivos de la ense\u00f1anza biling\u00fce para que busquen las respuestas junto a las\/los compa\u00f1eras\/os de sus centros y puedan, de modo coordinado, reflexionar en torno al desarrollo de la ense\u00f1anza biling\u00fce en sus respectivos centros. Tal vez, esta idea podr\u00eda servir al resto de centros.<\/p>\n<p>&nbsp;<iframe loading=\"lazy\" src=\"https:\/\/www.slideshare.net\/slideshow\/embed_code\/key\/1JcEwxei3VAU79?hostedIn=slideshare&amp;page=upload\" width=\"476\" height=\"400\" frameborder=\"0\" marginwidth=\"0\" marginheight=\"0\" scrolling=\"no\"><\/iframe><\/p>\n<p>&nbsp;<\/p>\n<p><span style=\"color: #008000\"><strong> \u00a1Qu\u00e9 buena oportunidad nos ofrece el pr\u00f3ximo aniversario del PFP! Exactamente dentro de dos meses, el 22 de marzo, se cumplir\u00e1n 20 a\u00f1os de la aprobaci\u00f3n del <a style=\"color: #008000\" href=\"https:\/\/juntadeandalucia.es\/boja\/2005\/65\/d5.pdf\">Plan de Fomento del Pluriling\u00fcismo en Andaluc\u00eda<\/a> por acuerdo del Consejo de Gobierno de la Junta de Andaluc\u00eda. Entre sus programas inclu\u00eda el de \u00abCentros Biling\u00fces\u00bb que supon\u00eda la implantaci\u00f3n de una red de centros biling\u00fces en nuestra Comunidad cuyo empuje en la mejora del conocimiento de otras lenguas y otras culturas es m\u00e1s que evidente a lo largo de estos a\u00f1os.<\/strong> <\/span><\/p>\n","protected":false},"excerpt":{"rendered":"<p>Ayer se inici\u00f3 una actividad formativa dirigida a los centros biling\u00fces que se va a prolongar durante los pr\u00f3ximos dos mi\u00e9rcoles. Como dije a las\/los participantes en la inauguraci\u00f3n, muchas personas participan en actividades&#46;&#46;&#46;<\/p>\n","protected":false},"author":1252,"featured_media":0,"comment_status":"open","ping_status":"open","sticky":false,"template":"","format":"standard","meta":{"ngg_post_thumbnail":0,"footnotes":""},"categories":[796358],"tags":[],"aioseo_notices":[],"_links":{"self":[{"href":"https:\/\/blogsaverroes.juntadeandalucia.es\/centrosbilinguessevilla\/wp-json\/wp\/v2\/posts\/2657"}],"collection":[{"href":"https:\/\/blogsaverroes.juntadeandalucia.es\/centrosbilinguessevilla\/wp-json\/wp\/v2\/posts"}],"about":[{"href":"https:\/\/blogsaverroes.juntadeandalucia.es\/centrosbilinguessevilla\/wp-json\/wp\/v2\/types\/post"}],"author":[{"embeddable":true,"href":"https:\/\/blogsaverroes.juntadeandalucia.es\/centrosbilinguessevilla\/wp-json\/wp\/v2\/users\/1252"}],"replies":[{"embeddable":true,"href":"https:\/\/blogsaverroes.juntadeandalucia.es\/centrosbilinguessevilla\/wp-json\/wp\/v2\/comments?post=2657"}],"version-history":[{"count":3,"href":"https:\/\/blogsaverroes.juntadeandalucia.es\/centrosbilinguessevilla\/wp-json\/wp\/v2\/posts\/2657\/revisions"}],"predecessor-version":[{"id":2660,"href":"https:\/\/blogsaverroes.juntadeandalucia.es\/centrosbilinguessevilla\/wp-json\/wp\/v2\/posts\/2657\/revisions\/2660"}],"wp:attachment":[{"href":"https:\/\/blogsaverroes.juntadeandalucia.es\/centrosbilinguessevilla\/wp-json\/wp\/v2\/media?parent=2657"}],"wp:term":[{"taxonomy":"category","embeddable":true,"href":"https:\/\/blogsaverroes.juntadeandalucia.es\/centrosbilinguessevilla\/wp-json\/wp\/v2\/categories?post=2657"},{"taxonomy":"post_tag","embeddable":true,"href":"https:\/\/blogsaverroes.juntadeandalucia.es\/centrosbilinguessevilla\/wp-json\/wp\/v2\/tags?post=2657"}],"curies":[{"name":"wp","href":"https:\/\/api.w.org\/{rel}","templated":true}]}}