{"id":2672,"date":"2025-02-10T07:57:36","date_gmt":"2025-02-10T05:57:36","guid":{"rendered":"https:\/\/blogsaverroes.juntadeandalucia.es\/centrosbilinguessevilla\/?p=2672"},"modified":"2025-02-10T15:08:24","modified_gmt":"2025-02-10T13:08:24","slug":"2672","status":"publish","type":"post","link":"https:\/\/blogsaverroes.juntadeandalucia.es\/centrosbilinguessevilla\/2025\/02\/10\/2672\/","title":{"rendered":"Las aplicaciones pr\u00e1cticas de eTwinning en el aula"},"content":{"rendered":"<p>Hasta el 18 de febrero est\u00e1 abierto el plazo para la inscripci\u00f3n en el curso provincial <strong><em>Las aplicaciones pr\u00e1cticas de eTwinning en el aula<\/em><\/strong> que se desarrollar\u00e1 entre los d\u00edas 5 de marzo y 2 de abril de 2025.<span style=\"color: #008000\"><strong> eTwinning puede ser el mejor comienzo en el plan de internacionalizaci\u00f3n de un centro educativo.<\/strong><\/span><\/p>\n<p style=\"text-align: center\"><span style=\"color: #008000\"><strong>Toda la informaci\u00f3n sobre la actividad est\u00e1 disponible a partir de la siguiente imagen.<\/strong> <\/span><br \/>\n<a href=\"https:\/\/www.juntadeandalucia.es\/educacion\/secretariavirtual\/consultaCEP\/actividad\/254127INT004\/\"><img loading=\"lazy\" decoding=\"async\" class=\"aligncenter size-large wp-image-2673\" src=\"https:\/\/blogsaverroes.juntadeandalucia.es\/centrosbilinguessevilla\/files\/2025\/02\/Sin-titulo-1-1024x685.jpg\" alt=\"\" width=\"1024\" height=\"685\" srcset=\"https:\/\/blogsaverroes.juntadeandalucia.es\/centrosbilinguessevilla\/files\/2025\/02\/Sin-titulo-1-1024x685.jpg 1024w, https:\/\/blogsaverroes.juntadeandalucia.es\/centrosbilinguessevilla\/files\/2025\/02\/Sin-titulo-1-300x201.jpg 300w, https:\/\/blogsaverroes.juntadeandalucia.es\/centrosbilinguessevilla\/files\/2025\/02\/Sin-titulo-1-768x513.jpg 768w, https:\/\/blogsaverroes.juntadeandalucia.es\/centrosbilinguessevilla\/files\/2025\/02\/Sin-titulo-1.jpg 1074w\" sizes=\"(max-width: 1024px) 100vw, 1024px\" \/><\/a><\/p>\n","protected":false},"excerpt":{"rendered":"<p>Hasta el 18 de febrero est\u00e1 abierto el plazo para la inscripci\u00f3n en el curso provincial Las aplicaciones pr\u00e1cticas de eTwinning en el aula que se desarrollar\u00e1 entre los d\u00edas 5 de marzo y&#46;&#46;&#46;<\/p>\n","protected":false},"author":1252,"featured_media":0,"comment_status":"open","ping_status":"open","sticky":false,"template":"","format":"standard","meta":{"ngg_post_thumbnail":0,"footnotes":""},"categories":[5,796358],"tags":[],"aioseo_notices":[],"_links":{"self":[{"href":"https:\/\/blogsaverroes.juntadeandalucia.es\/centrosbilinguessevilla\/wp-json\/wp\/v2\/posts\/2672"}],"collection":[{"href":"https:\/\/blogsaverroes.juntadeandalucia.es\/centrosbilinguessevilla\/wp-json\/wp\/v2\/posts"}],"about":[{"href":"https:\/\/blogsaverroes.juntadeandalucia.es\/centrosbilinguessevilla\/wp-json\/wp\/v2\/types\/post"}],"author":[{"embeddable":true,"href":"https:\/\/blogsaverroes.juntadeandalucia.es\/centrosbilinguessevilla\/wp-json\/wp\/v2\/users\/1252"}],"replies":[{"embeddable":true,"href":"https:\/\/blogsaverroes.juntadeandalucia.es\/centrosbilinguessevilla\/wp-json\/wp\/v2\/comments?post=2672"}],"version-history":[{"count":3,"href":"https:\/\/blogsaverroes.juntadeandalucia.es\/centrosbilinguessevilla\/wp-json\/wp\/v2\/posts\/2672\/revisions"}],"predecessor-version":[{"id":2676,"href":"https:\/\/blogsaverroes.juntadeandalucia.es\/centrosbilinguessevilla\/wp-json\/wp\/v2\/posts\/2672\/revisions\/2676"}],"wp:attachment":[{"href":"https:\/\/blogsaverroes.juntadeandalucia.es\/centrosbilinguessevilla\/wp-json\/wp\/v2\/media?parent=2672"}],"wp:term":[{"taxonomy":"category","embeddable":true,"href":"https:\/\/blogsaverroes.juntadeandalucia.es\/centrosbilinguessevilla\/wp-json\/wp\/v2\/categories?post=2672"},{"taxonomy":"post_tag","embeddable":true,"href":"https:\/\/blogsaverroes.juntadeandalucia.es\/centrosbilinguessevilla\/wp-json\/wp\/v2\/tags?post=2672"}],"curies":[{"name":"wp","href":"https:\/\/api.w.org\/{rel}","templated":true}]}}