{"id":2758,"date":"2025-04-03T09:28:04","date_gmt":"2025-04-03T07:28:04","guid":{"rendered":"https:\/\/blogsaverroes.juntadeandalucia.es\/centrosbilinguessevilla\/?p=2758"},"modified":"2025-04-24T11:02:30","modified_gmt":"2025-04-24T09:02:30","slug":"2758","status":"publish","type":"post","link":"https:\/\/blogsaverroes.juntadeandalucia.es\/centrosbilinguessevilla\/2025\/04\/03\/2758\/","title":{"rendered":"Convocatoria Inmersi\u00f3n ling\u00fc\u00edstica alumnado 6\u00ba EP y 2\u00ba ESO 2025\/26"},"content":{"rendered":"<p>Desde las 12:00 h de hoy hasta el 28 de abril de 2025, a las 12:00 h, estar\u00e1 abierto el plazo de presentaci\u00f3n de solicitudes de participaci\u00f3n en el <strong><a href=\"https:\/\/www.educacionfpydeportes.gob.es\/servicios-al-ciudadano\/catalogo\/general\/99\/998217\/ficha\/998217-2025.html\">Programa de inmersi\u00f3n ling\u00fc\u00edstica convocado por el Ministerio<\/a><\/strong>, dirigido al <strong><span style=\"color: #ff0000\">alumnado de 6\u00ba de Educaci\u00f3n Primaria y 2\u00ba de Educaci\u00f3n Secundaria Obligatoria de centros docentes sostenidos con fondos p\u00fablicos<\/span><\/strong>.<\/p>\n<p style=\"text-align: center\"><strong><span style=\"color: #ff0000\">Toda la informaci\u00f3n sobre la convocatoria est\u00e1 disponible desde la siguiente imagen.<\/span><\/strong><\/p>\n<p>&nbsp;<\/p>\n<p><a href=\"https:\/\/www.educacionfpydeportes.gob.es\/servicios-al-ciudadano\/catalogo\/general\/99\/998217\/ficha\/998217-2025.html\"><img loading=\"lazy\" decoding=\"async\" class=\"aligncenter size-large wp-image-2759\" src=\"https:\/\/blogsaverroes.juntadeandalucia.es\/centrosbilinguessevilla\/files\/2025\/04\/Sin-titulo-1024x677.jpg\" alt=\"\" width=\"1024\" height=\"677\" srcset=\"https:\/\/blogsaverroes.juntadeandalucia.es\/centrosbilinguessevilla\/files\/2025\/04\/Sin-titulo-1024x677.jpg 1024w, https:\/\/blogsaverroes.juntadeandalucia.es\/centrosbilinguessevilla\/files\/2025\/04\/Sin-titulo-300x198.jpg 300w, https:\/\/blogsaverroes.juntadeandalucia.es\/centrosbilinguessevilla\/files\/2025\/04\/Sin-titulo-768x508.jpg 768w, https:\/\/blogsaverroes.juntadeandalucia.es\/centrosbilinguessevilla\/files\/2025\/04\/Sin-titulo.jpg 1318w\" sizes=\"(max-width: 1024px) 100vw, 1024px\" \/><\/a><\/p>\n","protected":false},"excerpt":{"rendered":"<p>Desde las 12:00 h de hoy hasta el 28 de abril de 2025, a las 12:00 h, estar\u00e1 abierto el plazo de presentaci\u00f3n de solicitudes de participaci\u00f3n en el Programa de inmersi\u00f3n ling\u00fc\u00edstica convocado&#46;&#46;&#46;<\/p>\n","protected":false},"author":1252,"featured_media":0,"comment_status":"open","ping_status":"open","sticky":false,"template":"","format":"standard","meta":{"ngg_post_thumbnail":0,"footnotes":""},"categories":[5,796366,796373],"tags":[],"aioseo_notices":[],"_links":{"self":[{"href":"https:\/\/blogsaverroes.juntadeandalucia.es\/centrosbilinguessevilla\/wp-json\/wp\/v2\/posts\/2758"}],"collection":[{"href":"https:\/\/blogsaverroes.juntadeandalucia.es\/centrosbilinguessevilla\/wp-json\/wp\/v2\/posts"}],"about":[{"href":"https:\/\/blogsaverroes.juntadeandalucia.es\/centrosbilinguessevilla\/wp-json\/wp\/v2\/types\/post"}],"author":[{"embeddable":true,"href":"https:\/\/blogsaverroes.juntadeandalucia.es\/centrosbilinguessevilla\/wp-json\/wp\/v2\/users\/1252"}],"replies":[{"embeddable":true,"href":"https:\/\/blogsaverroes.juntadeandalucia.es\/centrosbilinguessevilla\/wp-json\/wp\/v2\/comments?post=2758"}],"version-history":[{"count":3,"href":"https:\/\/blogsaverroes.juntadeandalucia.es\/centrosbilinguessevilla\/wp-json\/wp\/v2\/posts\/2758\/revisions"}],"predecessor-version":[{"id":2762,"href":"https:\/\/blogsaverroes.juntadeandalucia.es\/centrosbilinguessevilla\/wp-json\/wp\/v2\/posts\/2758\/revisions\/2762"}],"wp:attachment":[{"href":"https:\/\/blogsaverroes.juntadeandalucia.es\/centrosbilinguessevilla\/wp-json\/wp\/v2\/media?parent=2758"}],"wp:term":[{"taxonomy":"category","embeddable":true,"href":"https:\/\/blogsaverroes.juntadeandalucia.es\/centrosbilinguessevilla\/wp-json\/wp\/v2\/categories?post=2758"},{"taxonomy":"post_tag","embeddable":true,"href":"https:\/\/blogsaverroes.juntadeandalucia.es\/centrosbilinguessevilla\/wp-json\/wp\/v2\/tags?post=2758"}],"curies":[{"name":"wp","href":"https:\/\/api.w.org\/{rel}","templated":true}]}}