{"id":2785,"date":"2025-04-16T12:29:13","date_gmt":"2025-04-16T10:29:13","guid":{"rendered":"https:\/\/blogsaverroes.juntadeandalucia.es\/centrosbilinguessevilla\/?p=2785"},"modified":"2025-04-24T11:01:10","modified_gmt":"2025-04-24T09:01:10","slug":"instrucciones-ensenanza-portugues","status":"publish","type":"post","link":"https:\/\/blogsaverroes.juntadeandalucia.es\/centrosbilinguessevilla\/2025\/04\/16\/instrucciones-ensenanza-portugues\/","title":{"rendered":"Instrucciones ense\u00f1anza portugu\u00e9s"},"content":{"rendered":"<p>En la secci\u00f3n de novedades de la p\u00e1gina de la Consejer\u00eda se han publicado <a title=\"Se publican las Instrucciones 14 de abril de 2025 de la Direcci\u00f3n General de Innovaci\u00f3n y Formaci\u00f3n del Profesorado sobre el desarrollo de la ense\u00f1anza del portugu\u00e9s como lengua extranjera en centros p\u00fablicos andaluces de educaci\u00f3n primaria, secundaria y bachillerato\" href=\"https:\/\/www.juntadeandalucia.es\/educacion\/portales\/web\/educacion\/w\/instrucciones-14-de-abril-de-2025-de-la-direccion-general-de-innovacion-y-formacion-del-profesorado-sobre-el-desarrollo-de-la-ensenanza-del-portugues-como-lengua-extranjera-en-centros-publicos-andaluces-de-educacion-primaria-secundaria-y-bachillerato?redirect=%2Feducacion%2Fportales%2Fweb%2Feducacion\"><strong>las Instrucciones 14 de abril de 2025 de la Direcci\u00f3n General de Innovaci\u00f3n y Formaci\u00f3n del Profesorado sobre el desarrollo de la ense\u00f1anza del portugu\u00e9s como lengua extranjera en centros p\u00fablicos andaluces de educaci\u00f3n primaria, secundaria y bachillerato<\/strong><\/a>.<br \/>\nSe trata de fortalecer el pluriling\u00fcismo en nuestra Comunidad a trav\u00e9s de la diversificaci\u00f3n de la oferta de idiomas al alumnado, incorporando la ense\u00f1anza del portugu\u00e9s tanto en Educaci\u00f3n Primaria como Secundaria.<\/p>\n<p style=\"text-align: center\"><span style=\"color: #008000\"><strong>La direcci\u00f3n de los centros interesados que cumplan los requisitos establecidos en las Instrucciones enviar\u00e1n su solicitud, seg\u00fan el modelo que se incluye en S\u00e9neca, a las Delegaciones Territoriales antes del 1 de junio.<\/strong><\/span><\/p>\n<p>Esta informaci\u00f3n est\u00e1 tambi\u00e9n disponible en el sitio del Servicio de Programas Educativos Internacionales desde la siguiente imagen<a href=\"https:\/\/www.juntadeandalucia.es\/educacion\/portales\/web\/programas-educativos-internacionales\/w\/instrucciones-ensenanza-del-portugues?redirect=%2Feducacion%2Fportales%2Fweb%2Fprogramas-educativos-internacionales\"><img loading=\"lazy\" decoding=\"async\" class=\"size-full wp-image-2786 alignright\" src=\"https:\/\/blogsaverroes.juntadeandalucia.es\/centrosbilinguessevilla\/files\/2025\/04\/Sin-titulo-3.jpg\" alt=\"\" width=\"319\" height=\"276\" srcset=\"https:\/\/blogsaverroes.juntadeandalucia.es\/centrosbilinguessevilla\/files\/2025\/04\/Sin-titulo-3.jpg 319w, https:\/\/blogsaverroes.juntadeandalucia.es\/centrosbilinguessevilla\/files\/2025\/04\/Sin-titulo-3-300x260.jpg 300w\" sizes=\"(max-width: 319px) 100vw, 319px\" \/><\/a><\/p>\n<p>&nbsp;<\/p>\n<p>&nbsp;<\/p>\n","protected":false},"excerpt":{"rendered":"<p>En la secci\u00f3n de novedades de la p\u00e1gina de la Consejer\u00eda se han publicado las Instrucciones 14 de abril de 2025 de la Direcci\u00f3n General de Innovaci\u00f3n y Formaci\u00f3n del Profesorado sobre el desarrollo&#46;&#46;&#46;<\/p>\n","protected":false},"author":1252,"featured_media":0,"comment_status":"open","ping_status":"open","sticky":false,"template":"","format":"standard","meta":{"ngg_post_thumbnail":0,"footnotes":""},"categories":[796352,796373,796370],"tags":[],"aioseo_notices":[],"_links":{"self":[{"href":"https:\/\/blogsaverroes.juntadeandalucia.es\/centrosbilinguessevilla\/wp-json\/wp\/v2\/posts\/2785"}],"collection":[{"href":"https:\/\/blogsaverroes.juntadeandalucia.es\/centrosbilinguessevilla\/wp-json\/wp\/v2\/posts"}],"about":[{"href":"https:\/\/blogsaverroes.juntadeandalucia.es\/centrosbilinguessevilla\/wp-json\/wp\/v2\/types\/post"}],"author":[{"embeddable":true,"href":"https:\/\/blogsaverroes.juntadeandalucia.es\/centrosbilinguessevilla\/wp-json\/wp\/v2\/users\/1252"}],"replies":[{"embeddable":true,"href":"https:\/\/blogsaverroes.juntadeandalucia.es\/centrosbilinguessevilla\/wp-json\/wp\/v2\/comments?post=2785"}],"version-history":[{"count":4,"href":"https:\/\/blogsaverroes.juntadeandalucia.es\/centrosbilinguessevilla\/wp-json\/wp\/v2\/posts\/2785\/revisions"}],"predecessor-version":[{"id":2790,"href":"https:\/\/blogsaverroes.juntadeandalucia.es\/centrosbilinguessevilla\/wp-json\/wp\/v2\/posts\/2785\/revisions\/2790"}],"wp:attachment":[{"href":"https:\/\/blogsaverroes.juntadeandalucia.es\/centrosbilinguessevilla\/wp-json\/wp\/v2\/media?parent=2785"}],"wp:term":[{"taxonomy":"category","embeddable":true,"href":"https:\/\/blogsaverroes.juntadeandalucia.es\/centrosbilinguessevilla\/wp-json\/wp\/v2\/categories?post=2785"},{"taxonomy":"post_tag","embeddable":true,"href":"https:\/\/blogsaverroes.juntadeandalucia.es\/centrosbilinguessevilla\/wp-json\/wp\/v2\/tags?post=2785"}],"curies":[{"name":"wp","href":"https:\/\/api.w.org\/{rel}","templated":true}]}}