{"id":2827,"date":"2025-04-24T08:26:02","date_gmt":"2025-04-24T06:26:02","guid":{"rendered":"https:\/\/blogsaverroes.juntadeandalucia.es\/centrosbilinguessevilla\/?p=2827"},"modified":"2025-04-24T14:02:00","modified_gmt":"2025-04-24T12:02:00","slug":"que-es-europa-para-ti","status":"publish","type":"post","link":"https:\/\/blogsaverroes.juntadeandalucia.es\/centrosbilinguessevilla\/2025\/04\/24\/que-es-europa-para-ti\/","title":{"rendered":"\u00bfQu\u00e9 es Europa para ti?"},"content":{"rendered":"<p><img loading=\"lazy\" decoding=\"async\" class=\"alignright wp-image-2829 size-medium\" src=\"https:\/\/blogsaverroes.juntadeandalucia.es\/centrosbilinguessevilla\/files\/2025\/04\/image001-300x300.png\" alt=\"\" width=\"300\" height=\"300\">El pr\u00f3ximo 9 de mayo es el D\u00eda de Europa y para celebrarlo desde el <a href=\"http:\/\/sepie.es\/\">SEPIE<\/a>, en coordinaci\u00f3n con el resto de Agencias Nacionales Erasmus+, han lanzado en redes sociales una iniciativa para potenciar los valores comunes de la Uni\u00f3n Europea y del programa Erasmus+.&nbsp;<\/p>\n<p>Para poder participar, s\u00f3lo se tiene que responder en un breve (&lt;15\u00b4\u00b4) v\u00eddeo en espa\u00f1ol a la siguiente pregunta: \u00ab<strong>\u00bfQu\u00e9 es Europa para ti?<\/strong>\u00bb, subirlo a redes sociales antes del d\u00eda <strong>28 de abril<\/strong> con las etiquetas #<strong>EUvalYOU<\/strong> <strong>#ErasmusPlus&nbsp;<\/strong>y etiquetar al SEPIE en sus redes sociales (<strong><a href=\"https:\/\/www.facebook.com\/ErasmusPlusSEPIE\">Facebook<\/a>, <a href=\"mailto:@sepiegob\">X<\/a>, <a href=\"https:\/\/www.instagram.com\/sepie_gob\/\"> Instagram<\/a>, <a href=\"https:\/\/www.linkedin.com\/company\/servicio-espa%C3%B1ol-para-la-internacionalizaci%C3%B3n-de-la-educaci%C3%B3n-sepie\"> LinkedIn<\/a>).<\/strong><\/p>\n<p>La Agencia Nacional SEPIE seleccionar\u00e1 los dos mejores v\u00eddeos, que se difundir\u00e1n en las redes sociales y en la <em>newsletter<\/em> SEPIE, jornadas, otras acciones de comunicaci\u00f3n, etc. A los v\u00eddeos seleccionados se les enviar\u00e1 un kit promocional Erasmus+.<\/p>\n","protected":false},"excerpt":{"rendered":"<p>El pr\u00f3ximo 9 de mayo es el D\u00eda de Europa y para celebrarlo desde el SEPIE, en coordinaci\u00f3n con el resto de Agencias Nacionales Erasmus+, han lanzado en redes sociales una iniciativa para potenciar&#46;&#46;&#46;<\/p>\n","protected":false},"author":1252,"featured_media":2833,"comment_status":"open","ping_status":"open","sticky":false,"template":"","format":"standard","meta":{"ngg_post_thumbnail":0,"footnotes":""},"categories":[5,21040,796373],"tags":[],"aioseo_notices":[],"_links":{"self":[{"href":"https:\/\/blogsaverroes.juntadeandalucia.es\/centrosbilinguessevilla\/wp-json\/wp\/v2\/posts\/2827"}],"collection":[{"href":"https:\/\/blogsaverroes.juntadeandalucia.es\/centrosbilinguessevilla\/wp-json\/wp\/v2\/posts"}],"about":[{"href":"https:\/\/blogsaverroes.juntadeandalucia.es\/centrosbilinguessevilla\/wp-json\/wp\/v2\/types\/post"}],"author":[{"embeddable":true,"href":"https:\/\/blogsaverroes.juntadeandalucia.es\/centrosbilinguessevilla\/wp-json\/wp\/v2\/users\/1252"}],"replies":[{"embeddable":true,"href":"https:\/\/blogsaverroes.juntadeandalucia.es\/centrosbilinguessevilla\/wp-json\/wp\/v2\/comments?post=2827"}],"version-history":[{"count":3,"href":"https:\/\/blogsaverroes.juntadeandalucia.es\/centrosbilinguessevilla\/wp-json\/wp\/v2\/posts\/2827\/revisions"}],"predecessor-version":[{"id":2839,"href":"https:\/\/blogsaverroes.juntadeandalucia.es\/centrosbilinguessevilla\/wp-json\/wp\/v2\/posts\/2827\/revisions\/2839"}],"wp:featuredmedia":[{"embeddable":true,"href":"https:\/\/blogsaverroes.juntadeandalucia.es\/centrosbilinguessevilla\/wp-json\/wp\/v2\/media\/2833"}],"wp:attachment":[{"href":"https:\/\/blogsaverroes.juntadeandalucia.es\/centrosbilinguessevilla\/wp-json\/wp\/v2\/media?parent=2827"}],"wp:term":[{"taxonomy":"category","embeddable":true,"href":"https:\/\/blogsaverroes.juntadeandalucia.es\/centrosbilinguessevilla\/wp-json\/wp\/v2\/categories?post=2827"},{"taxonomy":"post_tag","embeddable":true,"href":"https:\/\/blogsaverroes.juntadeandalucia.es\/centrosbilinguessevilla\/wp-json\/wp\/v2\/tags?post=2827"}],"curies":[{"name":"wp","href":"https:\/\/api.w.org\/{rel}","templated":true}]}}