{"id":2958,"date":"2025-06-26T12:26:55","date_gmt":"2025-06-26T10:26:55","guid":{"rendered":"https:\/\/blogsaverroes.juntadeandalucia.es\/centrosbilinguessevilla\/?p=2958"},"modified":"2025-06-27T12:38:23","modified_gmt":"2025-06-27T10:38:23","slug":"proxima-publicacion-inmersion-linguistica","status":"publish","type":"post","link":"https:\/\/blogsaverroes.juntadeandalucia.es\/centrosbilinguessevilla\/2025\/06\/26\/proxima-publicacion-inmersion-linguistica\/","title":{"rendered":"Pr\u00f3xima publicaci\u00f3n inmersi\u00f3n ling\u00fc\u00edstica"},"content":{"rendered":"<p>Desde la siguiente imagen se puede acceder a la informaci\u00f3n publicada en el Portal del Servicio de Programas Educativos Internacionales sobre la convocatoria de inmersi\u00f3n ling\u00fc\u00edstica del profesorado.&nbsp;<a href=\"https:\/\/portales.ced.junta-andalucia.es\/educacion\/portales\/web\/programas-educativos-internacionales\/w\/proxima-publicacion-de-la-resolucion-por-la-que-se-reanuda-procedimiento-de-inmersion-linguistica-del-profesorado-aprobado-por-resolucion-de-4-de-marzo-de-2024?redirect=%2Feducacion%2Fportales%2Fweb%2Fprogramas-educativos-internacionales\"><img loading=\"lazy\" decoding=\"async\" class=\"wp-image-2962 size-full alignleft\" src=\"https:\/\/blogsaverroes.juntadeandalucia.es\/centrosbilinguessevilla\/files\/2025\/06\/Sin-titulo-4.jpg\" alt=\"\" width=\"318\" height=\"680\" srcset=\"https:\/\/blogsaverroes.juntadeandalucia.es\/centrosbilinguessevilla\/files\/2025\/06\/Sin-titulo-4.jpg 318w, https:\/\/blogsaverroes.juntadeandalucia.es\/centrosbilinguessevilla\/files\/2025\/06\/Sin-titulo-4-140x300.jpg 140w\" sizes=\"(max-width: 318px) 100vw, 318px\" \/><\/a><\/p>\n","protected":false},"excerpt":{"rendered":"<p>Desde la siguiente imagen se puede acceder a la informaci\u00f3n publicada en el Portal del Servicio de Programas Educativos Internacionales sobre la convocatoria de inmersi\u00f3n ling\u00fc\u00edstica del profesorado.&nbsp;<\/p>\n","protected":false},"author":1252,"featured_media":2959,"comment_status":"open","ping_status":"open","sticky":false,"template":"","format":"standard","meta":{"ngg_post_thumbnail":0,"footnotes":""},"categories":[796374,796373],"tags":[],"aioseo_notices":[],"_links":{"self":[{"href":"https:\/\/blogsaverroes.juntadeandalucia.es\/centrosbilinguessevilla\/wp-json\/wp\/v2\/posts\/2958"}],"collection":[{"href":"https:\/\/blogsaverroes.juntadeandalucia.es\/centrosbilinguessevilla\/wp-json\/wp\/v2\/posts"}],"about":[{"href":"https:\/\/blogsaverroes.juntadeandalucia.es\/centrosbilinguessevilla\/wp-json\/wp\/v2\/types\/post"}],"author":[{"embeddable":true,"href":"https:\/\/blogsaverroes.juntadeandalucia.es\/centrosbilinguessevilla\/wp-json\/wp\/v2\/users\/1252"}],"replies":[{"embeddable":true,"href":"https:\/\/blogsaverroes.juntadeandalucia.es\/centrosbilinguessevilla\/wp-json\/wp\/v2\/comments?post=2958"}],"version-history":[{"count":2,"href":"https:\/\/blogsaverroes.juntadeandalucia.es\/centrosbilinguessevilla\/wp-json\/wp\/v2\/posts\/2958\/revisions"}],"predecessor-version":[{"id":2963,"href":"https:\/\/blogsaverroes.juntadeandalucia.es\/centrosbilinguessevilla\/wp-json\/wp\/v2\/posts\/2958\/revisions\/2963"}],"wp:featuredmedia":[{"embeddable":true,"href":"https:\/\/blogsaverroes.juntadeandalucia.es\/centrosbilinguessevilla\/wp-json\/wp\/v2\/media\/2959"}],"wp:attachment":[{"href":"https:\/\/blogsaverroes.juntadeandalucia.es\/centrosbilinguessevilla\/wp-json\/wp\/v2\/media?parent=2958"}],"wp:term":[{"taxonomy":"category","embeddable":true,"href":"https:\/\/blogsaverroes.juntadeandalucia.es\/centrosbilinguessevilla\/wp-json\/wp\/v2\/categories?post=2958"},{"taxonomy":"post_tag","embeddable":true,"href":"https:\/\/blogsaverroes.juntadeandalucia.es\/centrosbilinguessevilla\/wp-json\/wp\/v2\/tags?post=2958"}],"curies":[{"name":"wp","href":"https:\/\/api.w.org\/{rel}","templated":true}]}}