{"id":3126,"date":"2025-11-03T12:28:14","date_gmt":"2025-11-03T10:28:14","guid":{"rendered":"https:\/\/blogsaverroes.juntadeandalucia.es\/centrosbilinguessevilla\/?p=3126"},"modified":"2025-11-03T14:40:14","modified_gmt":"2025-11-03T12:40:14","slug":"coordinacion-coordinacion-coordinacion_4","status":"publish","type":"post","link":"https:\/\/blogsaverroes.juntadeandalucia.es\/centrosbilinguessevilla\/2025\/11\/03\/coordinacion-coordinacion-coordinacion_4\/","title":{"rendered":"Coordinaci\u00f3n, coordinaci\u00f3n, coordinaci\u00f3n_4"},"content":{"rendered":"<p>En las entradas <a href=\"https:\/\/blogsaverroes.juntadeandalucia.es\/centrosbilinguessevilla\/2025\/09\/09\/coordinacion-coordinacion-coordinacion\/\">Coordinaci\u00f3n, coordinaci\u00f3n, coordinaci\u00f3n<\/a>, <a href=\"https:\/\/blogsaverroes.juntadeandalucia.es\/centrosbilinguessevilla\/2025\/10\/30\/coordinacion-coordinacion-coordinacion_2\/\">Coordinaci\u00f3n, coordinaci\u00f3n, coordinaci\u00f3n_2<\/a> y <a href=\"https:\/\/blogsaverroes.juntadeandalucia.es\/centrosbilinguessevilla\/2025\/10\/31\/coordinacion-coordinacion-coordinacion_3\/\">Coordinaci\u00f3n, coordinaci\u00f3n, coordinaci\u00f3n_3<\/a> de este Blog se hace referencia, de modo insistente, a la necesidad de coordinaci\u00f3n en la Ense\u00f1anza Biling\u00fce.<\/p>\n<p>As\u00ed como cada docente tiene un desarrollo profesional diferente, cada centro tiene tambi\u00e9n un nivel diferente de desarrollo de los proyectos que aborda. Por esta raz\u00f3n es esencial establecer estrategias de coordinaci\u00f3n dentro de los centros y, tambi\u00e9n, con otros centros de manera que aprender unos de otros sea el mejor camino para seguir avanzando en la mejora.<\/p>\n<p style=\"text-align: center\"><span style=\"color: #800080\"><strong>En la siguiente imagen se muestra una propuesta para la coordinaci\u00f3n biling\u00fce con el objetivo de acompa\u00f1ar a los centros en la concreci\u00f3n de sus respectivos planes de coordinaci\u00f3n biling\u00fce ( Las <a href=\"https:\/\/blogsaverroes.juntadeandalucia.es\/centrosbilinguessevilla\/2025\/01\/23\/15-preguntas-a-partir-de-los-rasgos-distintivos-de-la-ensenanza-bilingue\/\">15 preguntas a partir de los rasgos distintivos de la ense\u00f1anza biling\u00fce<\/a> figuran en el men\u00fa lateral izquierdo del Blog )<\/strong><\/span><\/p>\n<p>&nbsp;<\/p>\n<p><a href=\"https:\/\/blogsaverroes.juntadeandalucia.es\/centrosbilinguessevilla\/files\/2025\/11\/Coordinacion-bilingue_Propuesta.odp\"><img loading=\"lazy\" decoding=\"async\" class=\"aligncenter size-large wp-image-3128\" src=\"https:\/\/blogsaverroes.juntadeandalucia.es\/centrosbilinguessevilla\/files\/2025\/11\/Sin-titulo-1024x571.jpg\" alt=\"\" width=\"1024\" height=\"571\" srcset=\"https:\/\/blogsaverroes.juntadeandalucia.es\/centrosbilinguessevilla\/files\/2025\/11\/Sin-titulo-1024x571.jpg 1024w, https:\/\/blogsaverroes.juntadeandalucia.es\/centrosbilinguessevilla\/files\/2025\/11\/Sin-titulo-300x167.jpg 300w, https:\/\/blogsaverroes.juntadeandalucia.es\/centrosbilinguessevilla\/files\/2025\/11\/Sin-titulo-768x428.jpg 768w, https:\/\/blogsaverroes.juntadeandalucia.es\/centrosbilinguessevilla\/files\/2025\/11\/Sin-titulo.jpg 1438w\" sizes=\"(max-width: 1024px) 100vw, 1024px\" \/><\/a><\/p>\n<p>&nbsp;<\/p>\n","protected":false},"excerpt":{"rendered":"<p>En las entradas Coordinaci\u00f3n, coordinaci\u00f3n, coordinaci\u00f3n, Coordinaci\u00f3n, coordinaci\u00f3n, coordinaci\u00f3n_2 y Coordinaci\u00f3n, coordinaci\u00f3n, coordinaci\u00f3n_3 de este Blog se hace referencia, de modo insistente, a la necesidad de coordinaci\u00f3n en la Ense\u00f1anza Biling\u00fce. As\u00ed como cada&#46;&#46;&#46;<\/p>\n","protected":false},"author":1252,"featured_media":3128,"comment_status":"open","ping_status":"open","sticky":false,"template":"","format":"standard","meta":{"ngg_post_thumbnail":0,"footnotes":""},"categories":[796361,796373],"tags":[],"aioseo_notices":[],"_links":{"self":[{"href":"https:\/\/blogsaverroes.juntadeandalucia.es\/centrosbilinguessevilla\/wp-json\/wp\/v2\/posts\/3126"}],"collection":[{"href":"https:\/\/blogsaverroes.juntadeandalucia.es\/centrosbilinguessevilla\/wp-json\/wp\/v2\/posts"}],"about":[{"href":"https:\/\/blogsaverroes.juntadeandalucia.es\/centrosbilinguessevilla\/wp-json\/wp\/v2\/types\/post"}],"author":[{"embeddable":true,"href":"https:\/\/blogsaverroes.juntadeandalucia.es\/centrosbilinguessevilla\/wp-json\/wp\/v2\/users\/1252"}],"replies":[{"embeddable":true,"href":"https:\/\/blogsaverroes.juntadeandalucia.es\/centrosbilinguessevilla\/wp-json\/wp\/v2\/comments?post=3126"}],"version-history":[{"count":3,"href":"https:\/\/blogsaverroes.juntadeandalucia.es\/centrosbilinguessevilla\/wp-json\/wp\/v2\/posts\/3126\/revisions"}],"predecessor-version":[{"id":3131,"href":"https:\/\/blogsaverroes.juntadeandalucia.es\/centrosbilinguessevilla\/wp-json\/wp\/v2\/posts\/3126\/revisions\/3131"}],"wp:featuredmedia":[{"embeddable":true,"href":"https:\/\/blogsaverroes.juntadeandalucia.es\/centrosbilinguessevilla\/wp-json\/wp\/v2\/media\/3128"}],"wp:attachment":[{"href":"https:\/\/blogsaverroes.juntadeandalucia.es\/centrosbilinguessevilla\/wp-json\/wp\/v2\/media?parent=3126"}],"wp:term":[{"taxonomy":"category","embeddable":true,"href":"https:\/\/blogsaverroes.juntadeandalucia.es\/centrosbilinguessevilla\/wp-json\/wp\/v2\/categories?post=3126"},{"taxonomy":"post_tag","embeddable":true,"href":"https:\/\/blogsaverroes.juntadeandalucia.es\/centrosbilinguessevilla\/wp-json\/wp\/v2\/tags?post=3126"}],"curies":[{"name":"wp","href":"https:\/\/api.w.org\/{rel}","templated":true}]}}