{"id":3189,"date":"2025-11-17T15:34:36","date_gmt":"2025-11-17T13:34:36","guid":{"rendered":"https:\/\/blogsaverroes.juntadeandalucia.es\/centrosbilinguessevilla\/?p=3189"},"modified":"2025-11-19T11:18:23","modified_gmt":"2025-11-19T09:18:23","slug":"convocatoria-erasmus-2026","status":"publish","type":"post","link":"https:\/\/blogsaverroes.juntadeandalucia.es\/centrosbilinguessevilla\/2025\/11\/17\/convocatoria-erasmus-2026\/","title":{"rendered":"Convocatoria Erasmus + 2026"},"content":{"rendered":"<p>En la secci\u00f3n de novedades de la p\u00e1gina de la Consejer\u00eda se ha publicado en el d\u00eda de hoy el <a title=\"Anuncio de la Convocatoria de Programas Europeos d...\" href=\"https:\/\/www.juntadeandalucia.es\/educacion\/portales\/web\/educacion\/w\/anuncio-de-la-convocatoria-de-programas-europeos-de-educacion-dentro-de-erasmus-para-2026?redirect=%2Feducacion%2Fportales%2Fweb%2Feducacion\" target=\"_self\" rel=\"noopener\">Anuncio de la Convocatoria de Programas Europeos de Educaci\u00f3n dentro de Erasmus+ para 2026<\/a>, disponible tambi\u00e9n en el Portal del Servicio de Programas Educativos Internacionales, accesible desde la siguiente imagen.<\/p>\n<p><a href=\"https:\/\/www.juntadeandalucia.es\/educacion\/portales\/web\/programas-educativos-internacionales\/w\/convocatoria-erasmus-2026-y-guia?redirect=%2Feducacion%2Fportales%2Fweb%2Fprogramas-educativos-internacionales\"><img loading=\"lazy\" decoding=\"async\" class=\"alignright size-large wp-image-3191\" src=\"https:\/\/blogsaverroes.juntadeandalucia.es\/centrosbilinguessevilla\/files\/2025\/11\/Sin-titulo-6-1024x707.jpg\" alt=\"\" width=\"1024\" height=\"707\" srcset=\"https:\/\/blogsaverroes.juntadeandalucia.es\/centrosbilinguessevilla\/files\/2025\/11\/Sin-titulo-6-1024x707.jpg 1024w, https:\/\/blogsaverroes.juntadeandalucia.es\/centrosbilinguessevilla\/files\/2025\/11\/Sin-titulo-6-300x207.jpg 300w, https:\/\/blogsaverroes.juntadeandalucia.es\/centrosbilinguessevilla\/files\/2025\/11\/Sin-titulo-6-768x531.jpg 768w, https:\/\/blogsaverroes.juntadeandalucia.es\/centrosbilinguessevilla\/files\/2025\/11\/Sin-titulo-6.jpg 1190w\" sizes=\"(max-width: 1024px) 100vw, 1024px\" \/><\/a><\/p>\n<p style=\"text-align: center\"><strong><span style=\"color: #800080\">En la siguiente tabla aparecen resaltados los plazos de solicitud m\u00e1s importantes<\/span><\/strong><\/p>\n<p><img loading=\"lazy\" decoding=\"async\" class=\"size-full wp-image-3194 aligncenter\" src=\"https:\/\/blogsaverroes.juntadeandalucia.es\/centrosbilinguessevilla\/files\/2025\/11\/Sin-titulo-7.jpg\" alt=\"\" width=\"686\" height=\"720\" srcset=\"https:\/\/blogsaverroes.juntadeandalucia.es\/centrosbilinguessevilla\/files\/2025\/11\/Sin-titulo-7.jpg 686w, https:\/\/blogsaverroes.juntadeandalucia.es\/centrosbilinguessevilla\/files\/2025\/11\/Sin-titulo-7-286x300.jpg 286w\" sizes=\"(max-width: 686px) 100vw, 686px\" \/><\/p>\n<p>&nbsp;<\/p>\n","protected":false},"excerpt":{"rendered":"<p>En la secci\u00f3n de novedades de la p\u00e1gina de la Consejer\u00eda se ha publicado en el d\u00eda de hoy el Anuncio de la Convocatoria de Programas Europeos de Educaci\u00f3n dentro de Erasmus+ para 2026,&#46;&#46;&#46;<\/p>\n","protected":false},"author":1252,"featured_media":3190,"comment_status":"open","ping_status":"open","sticky":false,"template":"","format":"standard","meta":{"ngg_post_thumbnail":0,"footnotes":""},"categories":[5,21040,796358,796365,796373],"tags":[],"aioseo_notices":[],"_links":{"self":[{"href":"https:\/\/blogsaverroes.juntadeandalucia.es\/centrosbilinguessevilla\/wp-json\/wp\/v2\/posts\/3189"}],"collection":[{"href":"https:\/\/blogsaverroes.juntadeandalucia.es\/centrosbilinguessevilla\/wp-json\/wp\/v2\/posts"}],"about":[{"href":"https:\/\/blogsaverroes.juntadeandalucia.es\/centrosbilinguessevilla\/wp-json\/wp\/v2\/types\/post"}],"author":[{"embeddable":true,"href":"https:\/\/blogsaverroes.juntadeandalucia.es\/centrosbilinguessevilla\/wp-json\/wp\/v2\/users\/1252"}],"replies":[{"embeddable":true,"href":"https:\/\/blogsaverroes.juntadeandalucia.es\/centrosbilinguessevilla\/wp-json\/wp\/v2\/comments?post=3189"}],"version-history":[{"count":4,"href":"https:\/\/blogsaverroes.juntadeandalucia.es\/centrosbilinguessevilla\/wp-json\/wp\/v2\/posts\/3189\/revisions"}],"predecessor-version":[{"id":3196,"href":"https:\/\/blogsaverroes.juntadeandalucia.es\/centrosbilinguessevilla\/wp-json\/wp\/v2\/posts\/3189\/revisions\/3196"}],"wp:featuredmedia":[{"embeddable":true,"href":"https:\/\/blogsaverroes.juntadeandalucia.es\/centrosbilinguessevilla\/wp-json\/wp\/v2\/media\/3190"}],"wp:attachment":[{"href":"https:\/\/blogsaverroes.juntadeandalucia.es\/centrosbilinguessevilla\/wp-json\/wp\/v2\/media?parent=3189"}],"wp:term":[{"taxonomy":"category","embeddable":true,"href":"https:\/\/blogsaverroes.juntadeandalucia.es\/centrosbilinguessevilla\/wp-json\/wp\/v2\/categories?post=3189"},{"taxonomy":"post_tag","embeddable":true,"href":"https:\/\/blogsaverroes.juntadeandalucia.es\/centrosbilinguessevilla\/wp-json\/wp\/v2\/tags?post=3189"}],"curies":[{"name":"wp","href":"https:\/\/api.w.org\/{rel}","templated":true}]}}