{"id":3210,"date":"2025-12-17T07:55:57","date_gmt":"2025-12-17T05:55:57","guid":{"rendered":"https:\/\/blogsaverroes.juntadeandalucia.es\/centrosbilinguessevilla\/?p=3210"},"modified":"2025-12-17T07:55:57","modified_gmt":"2025-12-17T05:55:57","slug":"publicacion-resolucion-definitiva-programa-de-competencia-comunicativa-en-ensenanza-bilingue","status":"publish","type":"post","link":"https:\/\/blogsaverroes.juntadeandalucia.es\/centrosbilinguessevilla\/2025\/12\/17\/publicacion-resolucion-definitiva-programa-de-competencia-comunicativa-en-ensenanza-bilingue\/","title":{"rendered":"Publicaci\u00f3n Resoluci\u00f3n definitiva Programa de Competencia Comunicativa en Ense\u00f1anza  Biling\u00fce"},"content":{"rendered":"<p>En la secci\u00f3n de novedades de la p\u00e1gina de la Consejer\u00eda se public\u00f3 el d\u00eda 15 <strong><a title=\"Publicada Resoluci\u00f3n de 15 de diciembre de 2025 po...\" href=\"https:\/\/www.juntadeandalucia.es\/educacion\/portales\/web\/educacion\/w\/resolucion-de-15-de-diciembre-de-2025-por-la-que-se-publican-los-listados-definitivos-de-centros-educativos-participantes-en-el-programa-de-competencia-comunicativa-de-ensenanza-bilingue?redirect=%2Feducacion%2Fportales%2Fnovedades-portada\" target=\"_self\" rel=\"noopener\">la Resoluci\u00f3n de 15 de diciembre de 2025 por la que se publican los listados definitivos de centros educativos participantes en el Programa de Competencia Comunicativa de Ense\u00f1anza Biling\u00fce<\/a>.<\/strong><\/p>\n<p>Desde la siguiente imagen se puede acceder al texto de la Resoluci\u00f3n y a los Anexos donde figuran los centros que definitivamente participar\u00e1n en el Programa, las modalidades de participaci\u00f3n y los importes asignados.&nbsp;<\/p>\n<p><a href=\"https:\/\/www.juntadeandalucia.es\/educacion\/portales\/web\/educacion\/w\/resolucion-de-15-de-diciembre-de-2025-por-la-que-se-publican-los-listados-definitivos-de-centros-educativos-participantes-en-el-programa-de-competencia-comunicativa-de-ensenanza-bilingue?redirect=%2Feducacion%2Fportales%2Fnovedades-portada\"><img loading=\"lazy\" decoding=\"async\" class=\"alignright wp-image-3165\" src=\"https:\/\/blogsaverroes.juntadeandalucia.es\/centrosbilinguessevilla\/files\/2025\/11\/Programa-Competencia-Comunicativa-1024x576.jpg\" alt=\"\" width=\"824\" height=\"464\" srcset=\"https:\/\/blogsaverroes.juntadeandalucia.es\/centrosbilinguessevilla\/files\/2025\/11\/Programa-Competencia-Comunicativa-1024x576.jpg 1024w, https:\/\/blogsaverroes.juntadeandalucia.es\/centrosbilinguessevilla\/files\/2025\/11\/Programa-Competencia-Comunicativa-300x169.jpg 300w, https:\/\/blogsaverroes.juntadeandalucia.es\/centrosbilinguessevilla\/files\/2025\/11\/Programa-Competencia-Comunicativa-768x432.jpg 768w, https:\/\/blogsaverroes.juntadeandalucia.es\/centrosbilinguessevilla\/files\/2025\/11\/Programa-Competencia-Comunicativa-1536x864.jpg 1536w, https:\/\/blogsaverroes.juntadeandalucia.es\/centrosbilinguessevilla\/files\/2025\/11\/Programa-Competencia-Comunicativa.jpg 1600w\" sizes=\"(max-width: 824px) 100vw, 824px\" \/><\/a><\/p>\n<p>&nbsp;<\/p>\n","protected":false},"excerpt":{"rendered":"<p>En la secci\u00f3n de novedades de la p\u00e1gina de la Consejer\u00eda se public\u00f3 el d\u00eda 15 la Resoluci\u00f3n de 15 de diciembre de 2025 por la que se publican los listados definitivos de centros&#46;&#46;&#46;<\/p>\n","protected":false},"author":1252,"featured_media":3165,"comment_status":"open","ping_status":"open","sticky":false,"template":"","format":"standard","meta":{"ngg_post_thumbnail":0,"footnotes":""},"categories":[5,796373],"tags":[],"aioseo_notices":[],"_links":{"self":[{"href":"https:\/\/blogsaverroes.juntadeandalucia.es\/centrosbilinguessevilla\/wp-json\/wp\/v2\/posts\/3210"}],"collection":[{"href":"https:\/\/blogsaverroes.juntadeandalucia.es\/centrosbilinguessevilla\/wp-json\/wp\/v2\/posts"}],"about":[{"href":"https:\/\/blogsaverroes.juntadeandalucia.es\/centrosbilinguessevilla\/wp-json\/wp\/v2\/types\/post"}],"author":[{"embeddable":true,"href":"https:\/\/blogsaverroes.juntadeandalucia.es\/centrosbilinguessevilla\/wp-json\/wp\/v2\/users\/1252"}],"replies":[{"embeddable":true,"href":"https:\/\/blogsaverroes.juntadeandalucia.es\/centrosbilinguessevilla\/wp-json\/wp\/v2\/comments?post=3210"}],"version-history":[{"count":1,"href":"https:\/\/blogsaverroes.juntadeandalucia.es\/centrosbilinguessevilla\/wp-json\/wp\/v2\/posts\/3210\/revisions"}],"predecessor-version":[{"id":3211,"href":"https:\/\/blogsaverroes.juntadeandalucia.es\/centrosbilinguessevilla\/wp-json\/wp\/v2\/posts\/3210\/revisions\/3211"}],"wp:featuredmedia":[{"embeddable":true,"href":"https:\/\/blogsaverroes.juntadeandalucia.es\/centrosbilinguessevilla\/wp-json\/wp\/v2\/media\/3165"}],"wp:attachment":[{"href":"https:\/\/blogsaverroes.juntadeandalucia.es\/centrosbilinguessevilla\/wp-json\/wp\/v2\/media?parent=3210"}],"wp:term":[{"taxonomy":"category","embeddable":true,"href":"https:\/\/blogsaverroes.juntadeandalucia.es\/centrosbilinguessevilla\/wp-json\/wp\/v2\/categories?post=3210"},{"taxonomy":"post_tag","embeddable":true,"href":"https:\/\/blogsaverroes.juntadeandalucia.es\/centrosbilinguessevilla\/wp-json\/wp\/v2\/tags?post=3210"}],"curies":[{"name":"wp","href":"https:\/\/api.w.org\/{rel}","templated":true}]}}