{"id":420,"date":"2019-07-01T17:08:36","date_gmt":"2019-07-01T17:08:36","guid":{"rendered":"https:\/\/blogsaverroes.juntadeandalucia.es\/centrosbilinguessevilla\/?p=420"},"modified":"2019-07-02T18:13:00","modified_gmt":"2019-07-02T18:13:00","slug":"resolucion-provisional-de-estancias-de-inmersion-linguistica","status":"publish","type":"post","link":"https:\/\/blogsaverroes.juntadeandalucia.es\/centrosbilinguessevilla\/2019\/07\/01\/resolucion-provisional-de-estancias-de-inmersion-linguistica\/","title":{"rendered":"Resoluci\u00f3n provisional de estancias de inmersi\u00f3n ling\u00fc\u00edstica"},"content":{"rendered":"<p>Se puede consultar en la secci\u00f3n de novedades de la p\u00e1gina de la Consejer\u00eda la <a id=\"yui_patched_v3_11_0_1_1562090828278_1327\" title=\"Resoluci\u00f3n de 1 de julio de 2019, de la Direcci\u00f3n General de Ordenaci\u00f3n y Evaluaci\u00f3n Educativa, por la que se publica el listado provisional de profesorado admitido, con expresi\u00f3n de las valoraciones otorgadas en sus distintos apartados y la puntuaci\u00f3n total, ordenados de mayor a menor puntuaci\u00f3n, as\u00ed como de excluidos, con indicaci\u00f3n de la causa de exclusi\u00f3n, de la convocatoria para el a\u00f1o 2019 de estancias de inmersi\u00f3n ling\u00fc\u00edstica para el profesorado con destino en los centros p\u00fablicos biling\u00fces dependientes de la Consejer\u00eda de Educaci\u00f3n y Deporte de la Comunidad Aut\u00f3noma de Andaluc\u00eda.\" href=\"http:\/\/www.juntadeandalucia.es\/educacion\/portals\/web\/ced\/novedades\/-\/contenidos\/detalle\/resolucion-de-1-de-julio-de-2019-de-la-direccion-general-de-ordenacion-y-evaluacion-educativa-por-la-que-se-publica-el\" target=\"_self\" rel=\"noopener noreferrer\">Resoluci\u00f3n de 1 de julio de 2019, de la Direcci\u00f3n General de Ordenaci\u00f3n y Evaluaci\u00f3n Educativa, por la que se publica el listado provisional de profesorado admitido, con expresi\u00f3n de las valoraciones otorgadas en sus distintos apartados y la puntuaci\u00f3n total, ordenados de mayor a menor puntuaci\u00f3n, as\u00ed como de excluidos, con indicaci\u00f3n de la causa de exclusi\u00f3n, de la convocatoria para el a\u00f1o 2019 de estancias de inmersi\u00f3n ling\u00fc\u00edstica para el profesorado con destino en los centros p\u00fablicos biling\u00fces dependientes de la Consejer\u00eda de Educaci\u00f3n y Deporte de la Comunidad Aut\u00f3noma de Andaluc\u00eda.<\/a><\/p>\n<p><span style=\"color: #008080\"><strong><span style=\"font-family: georgia, palatino, serif\">El&nbsp;<u>plazo para&nbsp;<\/u><u>reclamaciones<\/u>&nbsp;o en su caso,&nbsp;<u>desistimientos&nbsp;<\/u>&nbsp;ser\u00e1 del&nbsp;2 a 8 de julio, ambos incluidos.<\/span><\/strong><\/span><\/p>\n<p>&nbsp;<\/p>\n<p><img loading=\"lazy\" decoding=\"async\" class=\"aligncenter wp-image-394\" src=\"https:\/\/blogsaverroes.juntadeandalucia.es\/centrosbilinguessevilla\/files\/2019\/06\/inmersion-linguistica.jpg\" alt=\"\" width=\"650\" height=\"489\" srcset=\"https:\/\/blogsaverroes.juntadeandalucia.es\/centrosbilinguessevilla\/files\/2019\/06\/inmersion-linguistica.jpg 970w, https:\/\/blogsaverroes.juntadeandalucia.es\/centrosbilinguessevilla\/files\/2019\/06\/inmersion-linguistica-300x225.jpg 300w, https:\/\/blogsaverroes.juntadeandalucia.es\/centrosbilinguessevilla\/files\/2019\/06\/inmersion-linguistica-768x577.jpg 768w, https:\/\/blogsaverroes.juntadeandalucia.es\/centrosbilinguessevilla\/files\/2019\/06\/inmersion-linguistica-24x18.jpg 24w, https:\/\/blogsaverroes.juntadeandalucia.es\/centrosbilinguessevilla\/files\/2019\/06\/inmersion-linguistica-36x27.jpg 36w, https:\/\/blogsaverroes.juntadeandalucia.es\/centrosbilinguessevilla\/files\/2019\/06\/inmersion-linguistica-48x36.jpg 48w\" sizes=\"(max-width: 650px) 100vw, 650px\" \/><\/p>\n","protected":false},"excerpt":{"rendered":"<p>Se puede consultar en la secci\u00f3n de novedades de la p\u00e1gina de la Consejer\u00eda la Resoluci\u00f3n de 1 de julio de 2019, de la Direcci\u00f3n General de Ordenaci\u00f3n y Evaluaci\u00f3n Educativa, por la que&#46;&#46;&#46;<\/p>\n","protected":false},"author":1252,"featured_media":0,"comment_status":"open","ping_status":"open","sticky":false,"template":"","format":"standard","meta":{"ngg_post_thumbnail":0,"footnotes":""},"categories":[5],"tags":[],"aioseo_notices":[],"_links":{"self":[{"href":"https:\/\/blogsaverroes.juntadeandalucia.es\/centrosbilinguessevilla\/wp-json\/wp\/v2\/posts\/420"}],"collection":[{"href":"https:\/\/blogsaverroes.juntadeandalucia.es\/centrosbilinguessevilla\/wp-json\/wp\/v2\/posts"}],"about":[{"href":"https:\/\/blogsaverroes.juntadeandalucia.es\/centrosbilinguessevilla\/wp-json\/wp\/v2\/types\/post"}],"author":[{"embeddable":true,"href":"https:\/\/blogsaverroes.juntadeandalucia.es\/centrosbilinguessevilla\/wp-json\/wp\/v2\/users\/1252"}],"replies":[{"embeddable":true,"href":"https:\/\/blogsaverroes.juntadeandalucia.es\/centrosbilinguessevilla\/wp-json\/wp\/v2\/comments?post=420"}],"version-history":[{"count":1,"href":"https:\/\/blogsaverroes.juntadeandalucia.es\/centrosbilinguessevilla\/wp-json\/wp\/v2\/posts\/420\/revisions"}],"predecessor-version":[{"id":421,"href":"https:\/\/blogsaverroes.juntadeandalucia.es\/centrosbilinguessevilla\/wp-json\/wp\/v2\/posts\/420\/revisions\/421"}],"wp:attachment":[{"href":"https:\/\/blogsaverroes.juntadeandalucia.es\/centrosbilinguessevilla\/wp-json\/wp\/v2\/media?parent=420"}],"wp:term":[{"taxonomy":"category","embeddable":true,"href":"https:\/\/blogsaverroes.juntadeandalucia.es\/centrosbilinguessevilla\/wp-json\/wp\/v2\/categories?post=420"},{"taxonomy":"post_tag","embeddable":true,"href":"https:\/\/blogsaverroes.juntadeandalucia.es\/centrosbilinguessevilla\/wp-json\/wp\/v2\/tags?post=420"}],"curies":[{"name":"wp","href":"https:\/\/api.w.org\/{rel}","templated":true}]}}