{"id":651,"date":"2020-01-15T13:15:07","date_gmt":"2020-01-15T13:15:07","guid":{"rendered":"https:\/\/blogsaverroes.juntadeandalucia.es\/centrosbilinguessevilla\/?p=651"},"modified":"2026-04-16T11:42:57","modified_gmt":"2026-04-16T09:42:57","slug":"651","status":"publish","type":"post","link":"https:\/\/blogsaverroes.juntadeandalucia.es\/centrosbilinguessevilla\/2020\/01\/15\/651\/","title":{"rendered":"Feria eTwinning"},"content":{"rendered":"<p>Se est\u00e1 desarrollando en eTwinning una iniciativa para Formaci\u00f3n Profesional, uno de los temas prioritarios para 2020. Se trata de una <strong>Feria de b\u00fasqueda de socios para docentes de Formaci\u00f3n profesional con el objetivo de que lleven a cabo proyectos de colaboraci\u00f3n eTwinning<\/strong>.<\/p>\n<p><strong>La fecha l\u00edmite para presentar una idea de proyecto: lunes, 20 de enero de 2020<\/strong><\/p>\n<p style=\"text-align: center\"><span style=\"color: #ff6600\"><strong>Desde la siguiente imagen se pueda acceder al resto de la informaci\u00f3n.<\/strong><\/span><\/p>\n<p><a href=\"http:\/\/etwinning.es\/es\/feria-de-busqueda-de-socios-para-formacion-profesional-en-francia-y-espana\/\"><img loading=\"lazy\" decoding=\"async\" class=\"alignright size-full wp-image-652\" src=\"https:\/\/blogsaverroes.juntadeandalucia.es\/centrosbilinguessevilla\/files\/2020\/01\/Sin-t\u00edtulo-5.jpg\" alt=\"\" width=\"731\" height=\"758\" srcset=\"https:\/\/blogsaverroes.juntadeandalucia.es\/centrosbilinguessevilla\/files\/2020\/01\/Sin-t\u00edtulo-5.jpg 731w, https:\/\/blogsaverroes.juntadeandalucia.es\/centrosbilinguessevilla\/files\/2020\/01\/Sin-t\u00edtulo-5-289x300.jpg 289w, https:\/\/blogsaverroes.juntadeandalucia.es\/centrosbilinguessevilla\/files\/2020\/01\/Sin-t\u00edtulo-5-24x24.jpg 24w, https:\/\/blogsaverroes.juntadeandalucia.es\/centrosbilinguessevilla\/files\/2020\/01\/Sin-t\u00edtulo-5-36x36.jpg 36w, https:\/\/blogsaverroes.juntadeandalucia.es\/centrosbilinguessevilla\/files\/2020\/01\/Sin-t\u00edtulo-5-46x48.jpg 46w\" sizes=\"(max-width: 731px) 100vw, 731px\" \/><\/a><\/p>\n","protected":false},"excerpt":{"rendered":"<p>Se est\u00e1 desarrollando en eTwinning una iniciativa para Formaci\u00f3n Profesional, uno de los temas prioritarios para 2020. Se trata de una Feria de b\u00fasqueda de socios para docentes de Formaci\u00f3n profesional con el objetivo&#46;&#46;&#46;<\/p>\n","protected":false},"author":1252,"featured_media":0,"comment_status":"open","ping_status":"open","sticky":false,"template":"","format":"standard","meta":{"ngg_post_thumbnail":0,"footnotes":""},"categories":[10635],"tags":[],"aioseo_notices":[],"_links":{"self":[{"href":"https:\/\/blogsaverroes.juntadeandalucia.es\/centrosbilinguessevilla\/wp-json\/wp\/v2\/posts\/651"}],"collection":[{"href":"https:\/\/blogsaverroes.juntadeandalucia.es\/centrosbilinguessevilla\/wp-json\/wp\/v2\/posts"}],"about":[{"href":"https:\/\/blogsaverroes.juntadeandalucia.es\/centrosbilinguessevilla\/wp-json\/wp\/v2\/types\/post"}],"author":[{"embeddable":true,"href":"https:\/\/blogsaverroes.juntadeandalucia.es\/centrosbilinguessevilla\/wp-json\/wp\/v2\/users\/1252"}],"replies":[{"embeddable":true,"href":"https:\/\/blogsaverroes.juntadeandalucia.es\/centrosbilinguessevilla\/wp-json\/wp\/v2\/comments?post=651"}],"version-history":[{"count":2,"href":"https:\/\/blogsaverroes.juntadeandalucia.es\/centrosbilinguessevilla\/wp-json\/wp\/v2\/posts\/651\/revisions"}],"predecessor-version":[{"id":654,"href":"https:\/\/blogsaverroes.juntadeandalucia.es\/centrosbilinguessevilla\/wp-json\/wp\/v2\/posts\/651\/revisions\/654"}],"wp:attachment":[{"href":"https:\/\/blogsaverroes.juntadeandalucia.es\/centrosbilinguessevilla\/wp-json\/wp\/v2\/media?parent=651"}],"wp:term":[{"taxonomy":"category","embeddable":true,"href":"https:\/\/blogsaverroes.juntadeandalucia.es\/centrosbilinguessevilla\/wp-json\/wp\/v2\/categories?post=651"},{"taxonomy":"post_tag","embeddable":true,"href":"https:\/\/blogsaverroes.juntadeandalucia.es\/centrosbilinguessevilla\/wp-json\/wp\/v2\/tags?post=651"}],"curies":[{"name":"wp","href":"https:\/\/api.w.org\/{rel}","templated":true}]}}