{"id":805,"date":"2020-04-20T13:42:12","date_gmt":"2020-04-20T13:42:12","guid":{"rendered":"https:\/\/blogsaverroes.juntadeandalucia.es\/centrosbilinguessevilla\/?p=805"},"modified":"2026-04-16T11:42:25","modified_gmt":"2026-04-16T09:42:25","slug":"el-cole-en-casa-con-la-banda","status":"publish","type":"post","link":"https:\/\/blogsaverroes.juntadeandalucia.es\/centrosbilinguessevilla\/2020\/04\/20\/el-cole-en-casa-con-la-banda\/","title":{"rendered":"El cole en casa con La Banda"},"content":{"rendered":"<p>Muchas son las iniciativas desarrolladas durante el confinamiento para que el alumnado, todo el alumnado,&nbsp; pueda seguir adelante con sus aprendizajes. En este contexto y dirigido muy especialmente al alumnado con m\u00e1s dificultades para acceder a recursos telem\u00e1ticos, la Consejer\u00eda de Educaci\u00f3n y Deporte y Canal Sur ponen en marcha el programa El Cole en Casa con La Banda, el emblem\u00e1tico programa infantil y juvenil de la televisi\u00f3n andaluza.<\/p>\n<p>Comenzar\u00e1 a emitirse hoy, 20 de abril, de 17:00h a 19:00h, en Andaluc\u00eda TV, e incluir\u00e1 entre los \u00e1mbitos de conocimiento uno de idiomas.<\/p>\n<p>Desde la siguiente imagen puede accederse al avance de contenidos de esta primera semana de emisi\u00f3n.<a href=\"http:\/\/www.juntadeandalucia.es\/educacion\/portals\/delegate\/content\/8185ebef-26fd-4e8f-b6a7-b1f799b1424d\"><img loading=\"lazy\" decoding=\"async\" class=\"size-full wp-image-808 alignleft\" src=\"https:\/\/blogsaverroes.juntadeandalucia.es\/centrosbilinguessevilla\/files\/2020\/04\/Sin-t\u00edtulo-5.jpg\" alt=\"\" width=\"300\" height=\"171\" srcset=\"https:\/\/blogsaverroes.juntadeandalucia.es\/centrosbilinguessevilla\/files\/2020\/04\/Sin-t\u00edtulo-5.jpg 300w, https:\/\/blogsaverroes.juntadeandalucia.es\/centrosbilinguessevilla\/files\/2020\/04\/Sin-t\u00edtulo-5-24x14.jpg 24w, https:\/\/blogsaverroes.juntadeandalucia.es\/centrosbilinguessevilla\/files\/2020\/04\/Sin-t\u00edtulo-5-36x21.jpg 36w, https:\/\/blogsaverroes.juntadeandalucia.es\/centrosbilinguessevilla\/files\/2020\/04\/Sin-t\u00edtulo-5-48x27.jpg 48w\" sizes=\"(max-width: 300px) 100vw, 300px\" \/><\/a><\/p>\n","protected":false},"excerpt":{"rendered":"<p>Muchas son las iniciativas desarrolladas durante el confinamiento para que el alumnado, todo el alumnado,&nbsp; pueda seguir adelante con sus aprendizajes. En este contexto y dirigido muy especialmente al alumnado con m\u00e1s dificultades para&#46;&#46;&#46;<\/p>\n","protected":false},"author":1252,"featured_media":0,"comment_status":"open","ping_status":"open","sticky":false,"template":"","format":"standard","meta":{"ngg_post_thumbnail":0,"footnotes":""},"categories":[946],"tags":[],"aioseo_notices":[],"_links":{"self":[{"href":"https:\/\/blogsaverroes.juntadeandalucia.es\/centrosbilinguessevilla\/wp-json\/wp\/v2\/posts\/805"}],"collection":[{"href":"https:\/\/blogsaverroes.juntadeandalucia.es\/centrosbilinguessevilla\/wp-json\/wp\/v2\/posts"}],"about":[{"href":"https:\/\/blogsaverroes.juntadeandalucia.es\/centrosbilinguessevilla\/wp-json\/wp\/v2\/types\/post"}],"author":[{"embeddable":true,"href":"https:\/\/blogsaverroes.juntadeandalucia.es\/centrosbilinguessevilla\/wp-json\/wp\/v2\/users\/1252"}],"replies":[{"embeddable":true,"href":"https:\/\/blogsaverroes.juntadeandalucia.es\/centrosbilinguessevilla\/wp-json\/wp\/v2\/comments?post=805"}],"version-history":[{"count":3,"href":"https:\/\/blogsaverroes.juntadeandalucia.es\/centrosbilinguessevilla\/wp-json\/wp\/v2\/posts\/805\/revisions"}],"predecessor-version":[{"id":809,"href":"https:\/\/blogsaverroes.juntadeandalucia.es\/centrosbilinguessevilla\/wp-json\/wp\/v2\/posts\/805\/revisions\/809"}],"wp:attachment":[{"href":"https:\/\/blogsaverroes.juntadeandalucia.es\/centrosbilinguessevilla\/wp-json\/wp\/v2\/media?parent=805"}],"wp:term":[{"taxonomy":"category","embeddable":true,"href":"https:\/\/blogsaverroes.juntadeandalucia.es\/centrosbilinguessevilla\/wp-json\/wp\/v2\/categories?post=805"},{"taxonomy":"post_tag","embeddable":true,"href":"https:\/\/blogsaverroes.juntadeandalucia.es\/centrosbilinguessevilla\/wp-json\/wp\/v2\/tags?post=805"}],"curies":[{"name":"wp","href":"https:\/\/api.w.org\/{rel}","templated":true}]}}