{"id":817,"date":"2020-04-24T12:28:34","date_gmt":"2020-04-24T12:28:34","guid":{"rendered":"https:\/\/blogsaverroes.juntadeandalucia.es\/centrosbilinguessevilla\/?p=817"},"modified":"2020-04-24T12:28:34","modified_gmt":"2020-04-24T12:28:34","slug":"nuestras-figuras-inspiradoras-erasmus","status":"publish","type":"post","link":"https:\/\/blogsaverroes.juntadeandalucia.es\/centrosbilinguessevilla\/2020\/04\/24\/nuestras-figuras-inspiradoras-erasmus\/","title":{"rendered":"Nuestras figuras inspiradoras Erasmus+"},"content":{"rendered":"<p>Promovida por la Comisi\u00f3n Europea a trav\u00e9s del programa Erasmus+, el SEPIE est\u00e1 poniendo en marcha la iniciativa \u00bb Figuras inspiradoras\u00bb (<a href=\"https:\/\/ec.europa.eu\/education\/resources-and-tools\/document-library\/role-models-promoting-common-values_en\">Role Models<\/a>).<\/p>\n<p>Se trata de difundir las experiencias vitales de personas cuya vocaci\u00f3n, pasi\u00f3n o aspiraci\u00f3n ha hecho de su vida un ejemplo de superaci\u00f3n, o las de profesionales que proceden de colectivos vulnerables y quieren transmitir su experiencia personal para motivar a otras personas.<\/p>\n<p>Son ejemplos de vida que podr\u00edan ser utilizados con el alumnado, muy especialmente en tiempos tan ins\u00f3litos como los actuales, y que desde luego merece la pena conocer y difundir.<\/p>\n<p>Desde la siguiente imagen se puede acceder a la p\u00e1gina donde figura toda la informaci\u00f3n que ir\u00e1 actualiz\u00e1ndose en las diferentes fases de su desarrollo.<\/p>\n<p><a href=\"http:\/\/sepie.es\/iniciativas\/figuras-inspiradoras\/nuestras-figuras-inspiradoras.html\"><img loading=\"lazy\" decoding=\"async\" class=\"aligncenter size-large wp-image-818\" src=\"https:\/\/blogsaverroes.juntadeandalucia.es\/centrosbilinguessevilla\/files\/2020\/04\/Sin-t\u00edtulo-7-1024x430.jpg\" alt=\"\" width=\"1024\" height=\"430\" srcset=\"https:\/\/blogsaverroes.juntadeandalucia.es\/centrosbilinguessevilla\/files\/2020\/04\/Sin-t\u00edtulo-7-1024x430.jpg 1024w, https:\/\/blogsaverroes.juntadeandalucia.es\/centrosbilinguessevilla\/files\/2020\/04\/Sin-t\u00edtulo-7-300x126.jpg 300w, https:\/\/blogsaverroes.juntadeandalucia.es\/centrosbilinguessevilla\/files\/2020\/04\/Sin-t\u00edtulo-7-768x323.jpg 768w, https:\/\/blogsaverroes.juntadeandalucia.es\/centrosbilinguessevilla\/files\/2020\/04\/Sin-t\u00edtulo-7-24x10.jpg 24w, https:\/\/blogsaverroes.juntadeandalucia.es\/centrosbilinguessevilla\/files\/2020\/04\/Sin-t\u00edtulo-7-36x15.jpg 36w, https:\/\/blogsaverroes.juntadeandalucia.es\/centrosbilinguessevilla\/files\/2020\/04\/Sin-t\u00edtulo-7-48x20.jpg 48w, https:\/\/blogsaverroes.juntadeandalucia.es\/centrosbilinguessevilla\/files\/2020\/04\/Sin-t\u00edtulo-7.jpg 1057w\" sizes=\"(max-width: 1024px) 100vw, 1024px\" \/><\/a><\/p>\n<p>&nbsp;<\/p>\n<p><em>&nbsp;<\/em><\/p>\n<p>&nbsp;<\/p>\n","protected":false},"excerpt":{"rendered":"<p>Promovida por la Comisi\u00f3n Europea a trav\u00e9s del programa Erasmus+, el SEPIE est\u00e1 poniendo en marcha la iniciativa \u00bb Figuras inspiradoras\u00bb (Role Models). Se trata de difundir las experiencias vitales de personas cuya vocaci\u00f3n,&#46;&#46;&#46;<\/p>\n","protected":false},"author":1252,"featured_media":0,"comment_status":"open","ping_status":"open","sticky":false,"template":"","format":"standard","meta":{"ngg_post_thumbnail":0,"footnotes":""},"categories":[21040],"tags":[],"aioseo_notices":[],"_links":{"self":[{"href":"https:\/\/blogsaverroes.juntadeandalucia.es\/centrosbilinguessevilla\/wp-json\/wp\/v2\/posts\/817"}],"collection":[{"href":"https:\/\/blogsaverroes.juntadeandalucia.es\/centrosbilinguessevilla\/wp-json\/wp\/v2\/posts"}],"about":[{"href":"https:\/\/blogsaverroes.juntadeandalucia.es\/centrosbilinguessevilla\/wp-json\/wp\/v2\/types\/post"}],"author":[{"embeddable":true,"href":"https:\/\/blogsaverroes.juntadeandalucia.es\/centrosbilinguessevilla\/wp-json\/wp\/v2\/users\/1252"}],"replies":[{"embeddable":true,"href":"https:\/\/blogsaverroes.juntadeandalucia.es\/centrosbilinguessevilla\/wp-json\/wp\/v2\/comments?post=817"}],"version-history":[{"count":1,"href":"https:\/\/blogsaverroes.juntadeandalucia.es\/centrosbilinguessevilla\/wp-json\/wp\/v2\/posts\/817\/revisions"}],"predecessor-version":[{"id":819,"href":"https:\/\/blogsaverroes.juntadeandalucia.es\/centrosbilinguessevilla\/wp-json\/wp\/v2\/posts\/817\/revisions\/819"}],"wp:attachment":[{"href":"https:\/\/blogsaverroes.juntadeandalucia.es\/centrosbilinguessevilla\/wp-json\/wp\/v2\/media?parent=817"}],"wp:term":[{"taxonomy":"category","embeddable":true,"href":"https:\/\/blogsaverroes.juntadeandalucia.es\/centrosbilinguessevilla\/wp-json\/wp\/v2\/categories?post=817"},{"taxonomy":"post_tag","embeddable":true,"href":"https:\/\/blogsaverroes.juntadeandalucia.es\/centrosbilinguessevilla\/wp-json\/wp\/v2\/tags?post=817"}],"curies":[{"name":"wp","href":"https:\/\/api.w.org\/{rel}","templated":true}]}}