{"id":2964,"date":"2020-12-06T01:01:53","date_gmt":"2020-12-06T00:01:53","guid":{"rendered":"https:\/\/blogsaverroes.juntadeandalucia.es\/ceper-alsadif\/?p=2964"},"modified":"2021-11-29T12:44:25","modified_gmt":"2021-11-29T11:44:25","slug":"viernes-poetico","status":"publish","type":"post","link":"https:\/\/blogsaverroes.juntadeandalucia.es\/ceper-alsadif\/viernes-poetico\/","title":{"rendered":"Viernes po\u00e9tico"},"content":{"rendered":"<p>Como cada viernes Gloria y Amalia nos recitan sus \u00faltimas creaciones po\u00e9ticas.<\/p>\n<p>Aqu\u00ed os dejo unas fotograf\u00edas del&nbsp; poemario de Gloria, ilustrado por su hija.<\/p>\n<table style=\"border-collapse: collapse;width: 100%;height: 155px\">\n<tbody>\n<tr style=\"height: 155px\">\n<td style=\"width: 33.3333%;height: 155px\"><a href=\"https:\/\/blogsaverroes.juntadeandalucia.es\/ceper-alsadif\/files\/2020\/12\/IMG_8348-1-rotated.jpg\"><img loading=\"lazy\" decoding=\"async\" class=\"alignnone size-medium wp-image-2968\" src=\"https:\/\/blogsaverroes.juntadeandalucia.es\/ceper-alsadif\/files\/2020\/12\/IMG_8348-1-225x300.jpg\" alt=\"\" width=\"225\" height=\"300\"><\/a><\/td>\n<td style=\"width: 33.3333%;height: 155px\"><a href=\"https:\/\/blogsaverroes.juntadeandalucia.es\/ceper-alsadif\/files\/2020\/12\/IMG_8350-rotated.jpg\"><img loading=\"lazy\" decoding=\"async\" class=\"alignnone size-medium wp-image-2967\" src=\"https:\/\/blogsaverroes.juntadeandalucia.es\/ceper-alsadif\/files\/2020\/12\/IMG_8350-225x300.jpg\" alt=\"\" width=\"225\" height=\"300\" srcset=\"https:\/\/blogsaverroes.juntadeandalucia.es\/ceper-alsadif\/files\/2020\/12\/IMG_8350-225x300.jpg 225w, https:\/\/blogsaverroes.juntadeandalucia.es\/ceper-alsadif\/files\/2020\/12\/IMG_8350-18x24.jpg 18w, https:\/\/blogsaverroes.juntadeandalucia.es\/ceper-alsadif\/files\/2020\/12\/IMG_8350-27x36.jpg 27w, https:\/\/blogsaverroes.juntadeandalucia.es\/ceper-alsadif\/files\/2020\/12\/IMG_8350-36x48.jpg 36w, https:\/\/blogsaverroes.juntadeandalucia.es\/ceper-alsadif\/files\/2020\/12\/IMG_8350-rotated.jpg 240w\" sizes=\"(max-width: 225px) 100vw, 225px\" \/><\/a><\/td>\n<td style=\"width: 33.3333%;height: 155px\"><a href=\"https:\/\/blogsaverroes.juntadeandalucia.es\/ceper-alsadif\/files\/2020\/12\/IMG_8349-rotated.jpg\"><img loading=\"lazy\" decoding=\"async\" class=\"alignnone size-medium wp-image-2966\" src=\"https:\/\/blogsaverroes.juntadeandalucia.es\/ceper-alsadif\/files\/2020\/12\/IMG_8349-225x300.jpg\" alt=\"\" width=\"225\" height=\"300\" srcset=\"https:\/\/blogsaverroes.juntadeandalucia.es\/ceper-alsadif\/files\/2020\/12\/IMG_8349-225x300.jpg 225w, https:\/\/blogsaverroes.juntadeandalucia.es\/ceper-alsadif\/files\/2020\/12\/IMG_8349-18x24.jpg 18w, https:\/\/blogsaverroes.juntadeandalucia.es\/ceper-alsadif\/files\/2020\/12\/IMG_8349-27x36.jpg 27w, https:\/\/blogsaverroes.juntadeandalucia.es\/ceper-alsadif\/files\/2020\/12\/IMG_8349-36x48.jpg 36w, https:\/\/blogsaverroes.juntadeandalucia.es\/ceper-alsadif\/files\/2020\/12\/IMG_8349-rotated.jpg 240w\" sizes=\"(max-width: 225px) 100vw, 225px\" \/><\/a><\/td>\n<\/tr>\n<\/tbody>\n<\/table>\n<p>&nbsp;<\/p>\n","protected":false},"excerpt":{"rendered":"<p>Como cada viernes Gloria y Amalia nos recitan sus \u00faltimas creaciones po\u00e9ticas. Aqu\u00ed os dejo unas fotograf\u00edas del&nbsp; poemario de Gloria, ilustrado por su hija. &nbsp;<\/p>\n","protected":false},"author":11457,"featured_media":2968,"comment_status":"closed","ping_status":"open","sticky":false,"template":"","format":"standard","meta":{"ngg_post_thumbnail":0,"footnotes":""},"categories":[2351660],"tags":[2351659],"aioseo_notices":[],"post_mailing_queue_ids":[],"_links":{"self":[{"href":"https:\/\/blogsaverroes.juntadeandalucia.es\/ceper-alsadif\/wp-json\/wp\/v2\/posts\/2964"}],"collection":[{"href":"https:\/\/blogsaverroes.juntadeandalucia.es\/ceper-alsadif\/wp-json\/wp\/v2\/posts"}],"about":[{"href":"https:\/\/blogsaverroes.juntadeandalucia.es\/ceper-alsadif\/wp-json\/wp\/v2\/types\/post"}],"author":[{"embeddable":true,"href":"https:\/\/blogsaverroes.juntadeandalucia.es\/ceper-alsadif\/wp-json\/wp\/v2\/users\/11457"}],"replies":[{"embeddable":true,"href":"https:\/\/blogsaverroes.juntadeandalucia.es\/ceper-alsadif\/wp-json\/wp\/v2\/comments?post=2964"}],"version-history":[{"count":2,"href":"https:\/\/blogsaverroes.juntadeandalucia.es\/ceper-alsadif\/wp-json\/wp\/v2\/posts\/2964\/revisions"}],"predecessor-version":[{"id":2970,"href":"https:\/\/blogsaverroes.juntadeandalucia.es\/ceper-alsadif\/wp-json\/wp\/v2\/posts\/2964\/revisions\/2970"}],"wp:featuredmedia":[{"embeddable":true,"href":"https:\/\/blogsaverroes.juntadeandalucia.es\/ceper-alsadif\/wp-json\/wp\/v2\/media\/2968"}],"wp:attachment":[{"href":"https:\/\/blogsaverroes.juntadeandalucia.es\/ceper-alsadif\/wp-json\/wp\/v2\/media?parent=2964"}],"wp:term":[{"taxonomy":"category","embeddable":true,"href":"https:\/\/blogsaverroes.juntadeandalucia.es\/ceper-alsadif\/wp-json\/wp\/v2\/categories?post=2964"},{"taxonomy":"post_tag","embeddable":true,"href":"https:\/\/blogsaverroes.juntadeandalucia.es\/ceper-alsadif\/wp-json\/wp\/v2\/tags?post=2964"}],"curies":[{"name":"wp","href":"https:\/\/api.w.org\/{rel}","templated":true}]}}