{"id":3035,"date":"2021-01-13T18:22:26","date_gmt":"2021-01-13T17:22:26","guid":{"rendered":"https:\/\/blogsaverroes.juntadeandalucia.es\/ceper-alsadif\/?p=3035"},"modified":"2021-02-23T18:23:48","modified_gmt":"2021-02-23T17:23:48","slug":"dibujo-misterioso","status":"publish","type":"post","link":"https:\/\/blogsaverroes.juntadeandalucia.es\/ceper-alsadif\/dibujo-misterioso\/","title":{"rendered":"Primera Clase del 2021"},"content":{"rendered":"<h1 style=\"text-align: center\">DIBUJO MISTERIORO<\/h1>\n<p>En la primera clase del a\u00f1o, hemos repasado las tablas de multiplicar de una manera m\u00e1s din\u00e1mica y distinta.<\/p>\n<ul style=\"list-style-type: circle\">\n<li>La actividad consist\u00eda en colorear siguiendo el c\u00f3digo de cada fila.<\/li>\n<\/ul>\n<p>&nbsp;<\/p>\n\n\t\t<style>\n\t\t\t#gallery-1 {\n\t\t\t\tmargin: auto;\n\t\t\t}\n\t\t\t#gallery-1 .gallery-item {\n\t\t\t\tfloat: left;\n\t\t\t\tmargin-top: 10px;\n\t\t\t\ttext-align: center;\n\t\t\t\twidth: 50%;\n\t\t\t}\n\t\t\t#gallery-1 img {\n\t\t\t\tborder: 2px solid #cfcfcf;\n\t\t\t}\n\t\t\t#gallery-1 .gallery-caption {\n\t\t\t\tmargin-left: 0;\n\t\t\t}\n\t\t\t\/* see gallery_shortcode() in wp-includes\/media.php *\/\n\t\t<\/style>\n\t\t<div id='gallery-1' class='gallery galleryid-3035 gallery-columns-2 gallery-size-full'><dl class='gallery-item'>\n\t\t\t<dt class='gallery-icon portrait'>\n\t\t\t\t<a href='https:\/\/blogsaverroes.juntadeandalucia.es\/ceper-alsadif\/dibujo-misterioso\/img-1635\/'><img loading=\"lazy\" decoding=\"async\" width=\"1574\" height=\"1600\" src=\"https:\/\/blogsaverroes.juntadeandalucia.es\/ceper-alsadif\/files\/2021\/01\/IMG-1635-scaled.jpg\" class=\"attachment-full size-full\" alt=\"\" srcset=\"https:\/\/blogsaverroes.juntadeandalucia.es\/ceper-alsadif\/files\/2021\/01\/IMG-1635-scaled.jpg 1574w, https:\/\/blogsaverroes.juntadeandalucia.es\/ceper-alsadif\/files\/2021\/01\/IMG-1635-295x300.jpg 295w, https:\/\/blogsaverroes.juntadeandalucia.es\/ceper-alsadif\/files\/2021\/01\/IMG-1635-1007x1024.jpg 1007w, https:\/\/blogsaverroes.juntadeandalucia.es\/ceper-alsadif\/files\/2021\/01\/IMG-1635-768x781.jpg 768w, https:\/\/blogsaverroes.juntadeandalucia.es\/ceper-alsadif\/files\/2021\/01\/IMG-1635-1511x1536.jpg 1511w, https:\/\/blogsaverroes.juntadeandalucia.es\/ceper-alsadif\/files\/2021\/01\/IMG-1635-2015x2048.jpg 2015w, https:\/\/blogsaverroes.juntadeandalucia.es\/ceper-alsadif\/files\/2021\/01\/IMG-1635-80x80.jpg 80w, https:\/\/blogsaverroes.juntadeandalucia.es\/ceper-alsadif\/files\/2021\/01\/IMG-1635-24x24.jpg 24w, https:\/\/blogsaverroes.juntadeandalucia.es\/ceper-alsadif\/files\/2021\/01\/IMG-1635-36x36.jpg 36w, https:\/\/blogsaverroes.juntadeandalucia.es\/ceper-alsadif\/files\/2021\/01\/IMG-1635-48x48.jpg 48w, https:\/\/blogsaverroes.juntadeandalucia.es\/ceper-alsadif\/files\/2021\/01\/IMG-1635-50x50.jpg 50w\" sizes=\"(max-width: 1574px) 100vw, 1574px\" \/><\/a>\n\t\t\t<\/dt><\/dl><dl class='gallery-item'>\n\t\t\t<dt class='gallery-icon portrait'>\n\t\t\t\t<a href='https:\/\/blogsaverroes.juntadeandalucia.es\/ceper-alsadif\/dibujo-misterioso\/img-1634\/'><img loading=\"lazy\" decoding=\"async\" width=\"1496\" height=\"1600\" src=\"https:\/\/blogsaverroes.juntadeandalucia.es\/ceper-alsadif\/files\/2021\/01\/IMG-1634-scaled.jpg\" class=\"attachment-full size-full\" alt=\"\" srcset=\"https:\/\/blogsaverroes.juntadeandalucia.es\/ceper-alsadif\/files\/2021\/01\/IMG-1634-scaled.jpg 1496w, https:\/\/blogsaverroes.juntadeandalucia.es\/ceper-alsadif\/files\/2021\/01\/IMG-1634-280x300.jpg 280w, https:\/\/blogsaverroes.juntadeandalucia.es\/ceper-alsadif\/files\/2021\/01\/IMG-1634-957x1024.jpg 957w, https:\/\/blogsaverroes.juntadeandalucia.es\/ceper-alsadif\/files\/2021\/01\/IMG-1634-768x821.jpg 768w, https:\/\/blogsaverroes.juntadeandalucia.es\/ceper-alsadif\/files\/2021\/01\/IMG-1634-1436x1536.jpg 1436w, https:\/\/blogsaverroes.juntadeandalucia.es\/ceper-alsadif\/files\/2021\/01\/IMG-1634-1915x2048.jpg 1915w, https:\/\/blogsaverroes.juntadeandalucia.es\/ceper-alsadif\/files\/2021\/01\/IMG-1634-22x24.jpg 22w, https:\/\/blogsaverroes.juntadeandalucia.es\/ceper-alsadif\/files\/2021\/01\/IMG-1634-34x36.jpg 34w, https:\/\/blogsaverroes.juntadeandalucia.es\/ceper-alsadif\/files\/2021\/01\/IMG-1634-45x48.jpg 45w\" sizes=\"(max-width: 1496px) 100vw, 1496px\" \/><\/a>\n\t\t\t<\/dt><\/dl><br style=\"clear: both\" \/><dl class='gallery-item'>\n\t\t\t<dt class='gallery-icon portrait'>\n\t\t\t\t<a href='https:\/\/blogsaverroes.juntadeandalucia.es\/ceper-alsadif\/dibujo-misterioso\/img-1636\/'><img loading=\"lazy\" decoding=\"async\" width=\"1362\" height=\"1600\" src=\"https:\/\/blogsaverroes.juntadeandalucia.es\/ceper-alsadif\/files\/2021\/01\/IMG-1636-scaled.jpg\" class=\"attachment-full size-full\" alt=\"\" srcset=\"https:\/\/blogsaverroes.juntadeandalucia.es\/ceper-alsadif\/files\/2021\/01\/IMG-1636-scaled.jpg 1362w, https:\/\/blogsaverroes.juntadeandalucia.es\/ceper-alsadif\/files\/2021\/01\/IMG-1636-255x300.jpg 255w, https:\/\/blogsaverroes.juntadeandalucia.es\/ceper-alsadif\/files\/2021\/01\/IMG-1636-872x1024.jpg 872w, https:\/\/blogsaverroes.juntadeandalucia.es\/ceper-alsadif\/files\/2021\/01\/IMG-1636-768x902.jpg 768w, https:\/\/blogsaverroes.juntadeandalucia.es\/ceper-alsadif\/files\/2021\/01\/IMG-1636-1307x1536.jpg 1307w, https:\/\/blogsaverroes.juntadeandalucia.es\/ceper-alsadif\/files\/2021\/01\/IMG-1636-1743x2048.jpg 1743w, https:\/\/blogsaverroes.juntadeandalucia.es\/ceper-alsadif\/files\/2021\/01\/IMG-1636-20x24.jpg 20w, https:\/\/blogsaverroes.juntadeandalucia.es\/ceper-alsadif\/files\/2021\/01\/IMG-1636-31x36.jpg 31w, https:\/\/blogsaverroes.juntadeandalucia.es\/ceper-alsadif\/files\/2021\/01\/IMG-1636-41x48.jpg 41w\" sizes=\"(max-width: 1362px) 100vw, 1362px\" \/><\/a>\n\t\t\t<\/dt><\/dl><dl class='gallery-item'>\n\t\t\t<dt class='gallery-icon portrait'>\n\t\t\t\t<a href='https:\/\/blogsaverroes.juntadeandalucia.es\/ceper-alsadif\/dibujo-misterioso\/img-1625\/'><img loading=\"lazy\" decoding=\"async\" width=\"1200\" height=\"1600\" src=\"https:\/\/blogsaverroes.juntadeandalucia.es\/ceper-alsadif\/files\/2021\/01\/IMG-1625-scaled.jpg\" class=\"attachment-full size-full\" alt=\"\" srcset=\"https:\/\/blogsaverroes.juntadeandalucia.es\/ceper-alsadif\/files\/2021\/01\/IMG-1625-scaled.jpg 1200w, https:\/\/blogsaverroes.juntadeandalucia.es\/ceper-alsadif\/files\/2021\/01\/IMG-1625-225x300.jpg 225w, https:\/\/blogsaverroes.juntadeandalucia.es\/ceper-alsadif\/files\/2021\/01\/IMG-1625-768x1024.jpg 768w, https:\/\/blogsaverroes.juntadeandalucia.es\/ceper-alsadif\/files\/2021\/01\/IMG-1625-1152x1536.jpg 1152w, https:\/\/blogsaverroes.juntadeandalucia.es\/ceper-alsadif\/files\/2021\/01\/IMG-1625-1536x2048.jpg 1536w, https:\/\/blogsaverroes.juntadeandalucia.es\/ceper-alsadif\/files\/2021\/01\/IMG-1625-18x24.jpg 18w, https:\/\/blogsaverroes.juntadeandalucia.es\/ceper-alsadif\/files\/2021\/01\/IMG-1625-27x36.jpg 27w, https:\/\/blogsaverroes.juntadeandalucia.es\/ceper-alsadif\/files\/2021\/01\/IMG-1625-36x48.jpg 36w\" sizes=\"(max-width: 1200px) 100vw, 1200px\" \/><\/a>\n\t\t\t<\/dt><\/dl><br style=\"clear: both\" \/>\n\t\t<\/div>\n\n<p>&nbsp;<\/p>\n<h3 style=\"text-align: center\"><strong>\u00bfQu\u00e9 os parece este recurso para comenzar el a\u00f1o? <\/strong><\/h3>\n<p>A nuestros\/as alumnos\/as de un grupo de la formaci\u00f3n b\u00e1sica, les ha encantado.<\/p>\n<p>&nbsp;<\/p>\n<p>&nbsp;<\/p>\n","protected":false},"excerpt":{"rendered":"<p>DIBUJO MISTERIORO En la primera clase del a\u00f1o, hemos repasado las tablas de multiplicar de una manera m\u00e1s din\u00e1mica y distinta. La actividad consist\u00eda en colorear siguiendo el c\u00f3digo de cada fila. &nbsp; &nbsp;&#46;&#46;&#46;<\/p>\n","protected":false},"author":11457,"featured_media":3039,"comment_status":"closed","ping_status":"open","sticky":false,"template":"","format":"standard","meta":{"ngg_post_thumbnail":0,"footnotes":""},"categories":[2351663,2351654],"tags":[],"aioseo_notices":[],"post_mailing_queue_ids":[],"_links":{"self":[{"href":"https:\/\/blogsaverroes.juntadeandalucia.es\/ceper-alsadif\/wp-json\/wp\/v2\/posts\/3035"}],"collection":[{"href":"https:\/\/blogsaverroes.juntadeandalucia.es\/ceper-alsadif\/wp-json\/wp\/v2\/posts"}],"about":[{"href":"https:\/\/blogsaverroes.juntadeandalucia.es\/ceper-alsadif\/wp-json\/wp\/v2\/types\/post"}],"author":[{"embeddable":true,"href":"https:\/\/blogsaverroes.juntadeandalucia.es\/ceper-alsadif\/wp-json\/wp\/v2\/users\/11457"}],"replies":[{"embeddable":true,"href":"https:\/\/blogsaverroes.juntadeandalucia.es\/ceper-alsadif\/wp-json\/wp\/v2\/comments?post=3035"}],"version-history":[{"count":2,"href":"https:\/\/blogsaverroes.juntadeandalucia.es\/ceper-alsadif\/wp-json\/wp\/v2\/posts\/3035\/revisions"}],"predecessor-version":[{"id":3041,"href":"https:\/\/blogsaverroes.juntadeandalucia.es\/ceper-alsadif\/wp-json\/wp\/v2\/posts\/3035\/revisions\/3041"}],"wp:featuredmedia":[{"embeddable":true,"href":"https:\/\/blogsaverroes.juntadeandalucia.es\/ceper-alsadif\/wp-json\/wp\/v2\/media\/3039"}],"wp:attachment":[{"href":"https:\/\/blogsaverroes.juntadeandalucia.es\/ceper-alsadif\/wp-json\/wp\/v2\/media?parent=3035"}],"wp:term":[{"taxonomy":"category","embeddable":true,"href":"https:\/\/blogsaverroes.juntadeandalucia.es\/ceper-alsadif\/wp-json\/wp\/v2\/categories?post=3035"},{"taxonomy":"post_tag","embeddable":true,"href":"https:\/\/blogsaverroes.juntadeandalucia.es\/ceper-alsadif\/wp-json\/wp\/v2\/tags?post=3035"}],"curies":[{"name":"wp","href":"https:\/\/api.w.org\/{rel}","templated":true}]}}