{"id":3284,"date":"2021-12-22T16:47:15","date_gmt":"2021-12-22T15:47:15","guid":{"rendered":"https:\/\/blogsaverroes.juntadeandalucia.es\/ceper-alsadif\/?p=3284"},"modified":"2021-12-22T17:12:10","modified_gmt":"2021-12-22T16:12:10","slug":"feliz-navidad","status":"publish","type":"post","link":"https:\/\/blogsaverroes.juntadeandalucia.es\/ceper-alsadif\/feliz-navidad\/","title":{"rendered":"\u00a1FELIZ NAVIDAD!"},"content":{"rendered":"<p>&nbsp; &nbsp; Hemos llegado al final del primer trimestre y de nuevo, hemos superado las dificultades del curso, incluso las que han aparecido al finalizar el a\u00f1o con la evoluci\u00f3n de la pandemia.<\/p>\n<p>&nbsp; &nbsp;Nuestro alumnado ha estado perfectamente atendido y las clases han discurrido con total normalidad.<\/p>\n<p>&nbsp; &nbsp;Esto ha sido posible gracias a la dedicaci\u00f3n e implicaci\u00f3n de todo el Claustro, pero, sin duda alguna, a la colaboraci\u00f3n del alumnado, de toda la comunidad educativa e instituciones que colaboran con nuestra labor.<\/p>\n<p>&nbsp; &nbsp;Ahora toca descansar y renovar fuerzas en compa\u00f1\u00eda de nuestras familias y allegados, aunque sea actuando con la responsabilidad que aconseja la situaci\u00f3n actual.<\/p>\n<p>&nbsp; &nbsp;El Equipo Directivo quiere daros las gracias por vuestro colaboraci\u00f3n y desearos que teng\u00e1is una Feliz Navidad y un Prospero A\u00f1o Nuevo.<\/p>\n<p>&nbsp; Un abrazo.&nbsp;<\/p>\n<p><a href=\"https:\/\/blogsaverroes.juntadeandalucia.es\/ceper-alsadif\/files\/2021\/12\/felicitaci\u00f3n-navide\u00f1a-1.png\"><img loading=\"lazy\" decoding=\"async\" class=\"alignnone size-full wp-image-3288\" src=\"https:\/\/blogsaverroes.juntadeandalucia.es\/ceper-alsadif\/files\/2021\/12\/felicitaci\u00f3n-navide\u00f1a-1.png\" alt=\"\" width=\"1000\" height=\"1500\" srcset=\"https:\/\/blogsaverroes.juntadeandalucia.es\/ceper-alsadif\/files\/2021\/12\/felicitaci\u00f3n-navide\u00f1a-1.png 1000w, https:\/\/blogsaverroes.juntadeandalucia.es\/ceper-alsadif\/files\/2021\/12\/felicitaci\u00f3n-navide\u00f1a-1-200x300.png 200w, https:\/\/blogsaverroes.juntadeandalucia.es\/ceper-alsadif\/files\/2021\/12\/felicitaci\u00f3n-navide\u00f1a-1-683x1024.png 683w, https:\/\/blogsaverroes.juntadeandalucia.es\/ceper-alsadif\/files\/2021\/12\/felicitaci\u00f3n-navide\u00f1a-1-768x1152.png 768w\" sizes=\"(max-width: 1000px) 100vw, 1000px\" \/><\/a><\/p>\n","protected":false},"excerpt":{"rendered":"<p>&nbsp; &nbsp; Hemos llegado al final del primer trimestre y de nuevo, hemos superado las dificultades del curso, incluso las que han aparecido al finalizar el a\u00f1o con la evoluci\u00f3n de la pandemia. &nbsp;&#46;&#46;&#46;<\/p>\n","protected":false},"author":11457,"featured_media":3295,"comment_status":"closed","ping_status":"open","sticky":false,"template":"","format":"standard","meta":{"ngg_post_thumbnail":0,"footnotes":""},"categories":[2351654],"tags":[],"aioseo_notices":[],"post_mailing_queue_ids":[],"_links":{"self":[{"href":"https:\/\/blogsaverroes.juntadeandalucia.es\/ceper-alsadif\/wp-json\/wp\/v2\/posts\/3284"}],"collection":[{"href":"https:\/\/blogsaverroes.juntadeandalucia.es\/ceper-alsadif\/wp-json\/wp\/v2\/posts"}],"about":[{"href":"https:\/\/blogsaverroes.juntadeandalucia.es\/ceper-alsadif\/wp-json\/wp\/v2\/types\/post"}],"author":[{"embeddable":true,"href":"https:\/\/blogsaverroes.juntadeandalucia.es\/ceper-alsadif\/wp-json\/wp\/v2\/users\/11457"}],"replies":[{"embeddable":true,"href":"https:\/\/blogsaverroes.juntadeandalucia.es\/ceper-alsadif\/wp-json\/wp\/v2\/comments?post=3284"}],"version-history":[{"count":4,"href":"https:\/\/blogsaverroes.juntadeandalucia.es\/ceper-alsadif\/wp-json\/wp\/v2\/posts\/3284\/revisions"}],"predecessor-version":[{"id":3296,"href":"https:\/\/blogsaverroes.juntadeandalucia.es\/ceper-alsadif\/wp-json\/wp\/v2\/posts\/3284\/revisions\/3296"}],"wp:featuredmedia":[{"embeddable":true,"href":"https:\/\/blogsaverroes.juntadeandalucia.es\/ceper-alsadif\/wp-json\/wp\/v2\/media\/3295"}],"wp:attachment":[{"href":"https:\/\/blogsaverroes.juntadeandalucia.es\/ceper-alsadif\/wp-json\/wp\/v2\/media?parent=3284"}],"wp:term":[{"taxonomy":"category","embeddable":true,"href":"https:\/\/blogsaverroes.juntadeandalucia.es\/ceper-alsadif\/wp-json\/wp\/v2\/categories?post=3284"},{"taxonomy":"post_tag","embeddable":true,"href":"https:\/\/blogsaverroes.juntadeandalucia.es\/ceper-alsadif\/wp-json\/wp\/v2\/tags?post=3284"}],"curies":[{"name":"wp","href":"https:\/\/api.w.org\/{rel}","templated":true}]}}