{"id":3306,"date":"2022-01-28T09:47:58","date_gmt":"2022-01-28T08:47:58","guid":{"rendered":"https:\/\/blogsaverroes.juntadeandalucia.es\/ceper-alsadif\/?p=3306"},"modified":"2022-02-02T18:51:17","modified_gmt":"2022-02-02T17:51:17","slug":"3306-2","status":"publish","type":"post","link":"https:\/\/blogsaverroes.juntadeandalucia.es\/ceper-alsadif\/3306-2\/","title":{"rendered":"PEACE DAY"},"content":{"rendered":"<header class=\"entry-header\">\n<h1 class=\"entry-title\" style=\"text-align: center\">30 de enero: D\u00eda de la Paz&nbsp;<\/h1>\n<\/header>\n<div class=\"entry-content\">\n<div dir=\"auto\">&nbsp; &nbsp; Querida comunidad educativa, como viene siendo desde 1964 y reconocido por la ONU desde 1993, el 30 de enero celebramos en los centros educativos el d\u00eda de la Paz y la no Violencia en memoria de uno de los seres humanos que m\u00e1s luch\u00f3 por la misma, usando como \u00fanicas armas el di\u00e1logo y la revoluci\u00f3n pac\u00edfica, Mahatma Gandhi &#8220;<a href=\"https:\/\/www.biografiasyvidas.com\/biografia\/g\/gandhi.htm\"><em>alma grande<\/em><\/a>&#8220;.<\/div>\n<div dir=\"auto\">&nbsp; &nbsp; Para conmemorar este d\u00eda y seguir traspasando a nuestro alumnado la importancia de los valores de paz y no violencia, el claustro de este centro ha decidido festejar tal efem\u00e9ride animando a cada uno de nuestros\/as alumnos\/as a elaborar una receta de la PAZ. En esta receta los ingredientes ser\u00e1n muy especiales y la elaboraci\u00f3n se fraguar\u00e1 en un caldero m\u00e1gico.<\/div>\n<div dir=\"auto\">&nbsp; &nbsp;Este claustro ha cre\u00eddo en esta actividad para seguir potenciando valores y principios humanos como base incuestionable para el disfrute de la PAZ en cada uno\/a de nosotros\/as y compartida con el resto del mundo.<\/div>\n<div dir=\"auto\">&nbsp; Esperando que lo disfrut\u00e9is y que hagamos con nuestra docencia que la PAZ sea eterna os compartimos algunas recetas de la m\u00e1s sabrosas gastronom\u00edas del CEPER &#8220;al Sadif&#8221; y de su secci\u00f3n, nuestra SEP &#8220;El Amanecer&#8221;. Para poder ver estas fant\u00e1sticas recetas s\u00f3lo ten\u00e9is que hacer <a href=\"https:\/\/www.facebook.com\/story.php?story_fbid=116212190966403&amp;id=100077328671116&amp;scmts=scwspsdd\">click aqu\u00ed.<\/a><\/div>\n<\/div>\n","protected":false},"excerpt":{"rendered":"<p>30 de enero: D\u00eda de la Paz&nbsp; &nbsp; &nbsp; Querida comunidad educativa, como viene siendo desde 1964 y reconocido por la ONU desde 1993, el 30 de enero celebramos en los centros educativos el&#46;&#46;&#46;<\/p>\n","protected":false},"author":11457,"featured_media":3315,"comment_status":"closed","ping_status":"open","sticky":false,"template":"","format":"gallery","meta":{"ngg_post_thumbnail":0,"footnotes":""},"categories":[2351654],"tags":[],"aioseo_notices":[],"post_mailing_queue_ids":[],"_links":{"self":[{"href":"https:\/\/blogsaverroes.juntadeandalucia.es\/ceper-alsadif\/wp-json\/wp\/v2\/posts\/3306"}],"collection":[{"href":"https:\/\/blogsaverroes.juntadeandalucia.es\/ceper-alsadif\/wp-json\/wp\/v2\/posts"}],"about":[{"href":"https:\/\/blogsaverroes.juntadeandalucia.es\/ceper-alsadif\/wp-json\/wp\/v2\/types\/post"}],"author":[{"embeddable":true,"href":"https:\/\/blogsaverroes.juntadeandalucia.es\/ceper-alsadif\/wp-json\/wp\/v2\/users\/11457"}],"replies":[{"embeddable":true,"href":"https:\/\/blogsaverroes.juntadeandalucia.es\/ceper-alsadif\/wp-json\/wp\/v2\/comments?post=3306"}],"version-history":[{"count":8,"href":"https:\/\/blogsaverroes.juntadeandalucia.es\/ceper-alsadif\/wp-json\/wp\/v2\/posts\/3306\/revisions"}],"predecessor-version":[{"id":3325,"href":"https:\/\/blogsaverroes.juntadeandalucia.es\/ceper-alsadif\/wp-json\/wp\/v2\/posts\/3306\/revisions\/3325"}],"wp:featuredmedia":[{"embeddable":true,"href":"https:\/\/blogsaverroes.juntadeandalucia.es\/ceper-alsadif\/wp-json\/wp\/v2\/media\/3315"}],"wp:attachment":[{"href":"https:\/\/blogsaverroes.juntadeandalucia.es\/ceper-alsadif\/wp-json\/wp\/v2\/media?parent=3306"}],"wp:term":[{"taxonomy":"category","embeddable":true,"href":"https:\/\/blogsaverroes.juntadeandalucia.es\/ceper-alsadif\/wp-json\/wp\/v2\/categories?post=3306"},{"taxonomy":"post_tag","embeddable":true,"href":"https:\/\/blogsaverroes.juntadeandalucia.es\/ceper-alsadif\/wp-json\/wp\/v2\/tags?post=3306"}],"curies":[{"name":"wp","href":"https:\/\/api.w.org\/{rel}","templated":true}]}}