{"id":3341,"date":"2022-06-21T19:14:36","date_gmt":"2022-06-21T17:14:36","guid":{"rendered":"https:\/\/blogsaverroes.juntadeandalucia.es\/ceper-alsadif\/?p=3341"},"modified":"2022-06-21T19:14:36","modified_gmt":"2022-06-21T17:14:36","slug":"semana-cultural","status":"publish","type":"post","link":"https:\/\/blogsaverroes.juntadeandalucia.es\/ceper-alsadif\/semana-cultural\/","title":{"rendered":"SEMANA CULTURAL"},"content":{"rendered":"<p>Ayer, d\u00eda 20 de junio, dio comienzo la semana cultural en nuestro centro. Los alumnos\/as pudieron asistir a la charla del historiador Manuel Mu\u00f1oz Rojo, que nos habl\u00f3 sobre el pasado de nuestro pueblo, Palma del R\u00edo.&nbsp;<\/p>\n<p>Durante el d\u00eda de hoy se ha realizado un sendero a la ermita de Bel\u00e9n, donde el alumnado ha podido disfrutar de un desayuno t\u00edpico andaluz. Tras el mismo, algunas alumnas del centro han recitado poes\u00edas y lecturas diversas para todos\/as los\/las asistentes.&nbsp;<\/p>\n<p>El buen tiempo nos ha acompa\u00f1ado y hemos disfrutado todos\/as de una ma\u00f1ana muy agradable. Por otra parte, os recordamos que la exposici\u00f3n de manualidades realizadas por el alumnado del centro estar\u00e1 abierta durante toda la semana.<\/p>\n<p>A\u00fan quedan actividades programadas para el resto de la semana&#8230; \u00a1no os las perd\u00e1is!<a href=\"https:\/\/blogsaverroes.juntadeandalucia.es\/ceper-alsadif\/files\/2022\/06\/foto1.jpg\"><img loading=\"lazy\" decoding=\"async\" class=\"alignnone size-full wp-image-3343\" src=\"https:\/\/blogsaverroes.juntadeandalucia.es\/ceper-alsadif\/files\/2022\/06\/foto1.jpg\" alt=\"\" width=\"1200\" height=\"1600\" srcset=\"https:\/\/blogsaverroes.juntadeandalucia.es\/ceper-alsadif\/files\/2022\/06\/foto1.jpg 1200w, https:\/\/blogsaverroes.juntadeandalucia.es\/ceper-alsadif\/files\/2022\/06\/foto1-225x300.jpg 225w, https:\/\/blogsaverroes.juntadeandalucia.es\/ceper-alsadif\/files\/2022\/06\/foto1-768x1024.jpg 768w, https:\/\/blogsaverroes.juntadeandalucia.es\/ceper-alsadif\/files\/2022\/06\/foto1-1152x1536.jpg 1152w\" sizes=\"(max-width: 1200px) 100vw, 1200px\" \/><\/a> <a href=\"https:\/\/blogsaverroes.juntadeandalucia.es\/ceper-alsadif\/files\/2022\/06\/foto-3-1.jpg\"><img loading=\"lazy\" decoding=\"async\" class=\"alignnone size-full wp-image-3344\" src=\"https:\/\/blogsaverroes.juntadeandalucia.es\/ceper-alsadif\/files\/2022\/06\/foto-3-1.jpg\" alt=\"\" width=\"1600\" height=\"1200\" srcset=\"https:\/\/blogsaverroes.juntadeandalucia.es\/ceper-alsadif\/files\/2022\/06\/foto-3-1.jpg 1600w, https:\/\/blogsaverroes.juntadeandalucia.es\/ceper-alsadif\/files\/2022\/06\/foto-3-1-300x225.jpg 300w, https:\/\/blogsaverroes.juntadeandalucia.es\/ceper-alsadif\/files\/2022\/06\/foto-3-1-1024x768.jpg 1024w, https:\/\/blogsaverroes.juntadeandalucia.es\/ceper-alsadif\/files\/2022\/06\/foto-3-1-768x576.jpg 768w, https:\/\/blogsaverroes.juntadeandalucia.es\/ceper-alsadif\/files\/2022\/06\/foto-3-1-1536x1152.jpg 1536w\" sizes=\"(max-width: 1600px) 100vw, 1600px\" \/><\/a> <a href=\"https:\/\/blogsaverroes.juntadeandalucia.es\/ceper-alsadif\/files\/2022\/06\/foto-4.jpg\"><img loading=\"lazy\" decoding=\"async\" class=\"alignnone size-full wp-image-3345\" src=\"https:\/\/blogsaverroes.juntadeandalucia.es\/ceper-alsadif\/files\/2022\/06\/foto-4.jpg\" alt=\"\" width=\"1600\" height=\"1200\" srcset=\"https:\/\/blogsaverroes.juntadeandalucia.es\/ceper-alsadif\/files\/2022\/06\/foto-4.jpg 1600w, https:\/\/blogsaverroes.juntadeandalucia.es\/ceper-alsadif\/files\/2022\/06\/foto-4-300x225.jpg 300w, https:\/\/blogsaverroes.juntadeandalucia.es\/ceper-alsadif\/files\/2022\/06\/foto-4-1024x768.jpg 1024w, https:\/\/blogsaverroes.juntadeandalucia.es\/ceper-alsadif\/files\/2022\/06\/foto-4-768x576.jpg 768w, https:\/\/blogsaverroes.juntadeandalucia.es\/ceper-alsadif\/files\/2022\/06\/foto-4-1536x1152.jpg 1536w\" sizes=\"(max-width: 1600px) 100vw, 1600px\" \/><\/a> <a href=\"https:\/\/blogsaverroes.juntadeandalucia.es\/ceper-alsadif\/files\/2022\/06\/foto2.png\"><img loading=\"lazy\" decoding=\"async\" class=\"alignnone size-full wp-image-3346\" src=\"https:\/\/blogsaverroes.juntadeandalucia.es\/ceper-alsadif\/files\/2022\/06\/foto2.png\" alt=\"\" width=\"289\" height=\"472\" srcset=\"https:\/\/blogsaverroes.juntadeandalucia.es\/ceper-alsadif\/files\/2022\/06\/foto2.png 289w, https:\/\/blogsaverroes.juntadeandalucia.es\/ceper-alsadif\/files\/2022\/06\/foto2-184x300.png 184w\" sizes=\"(max-width: 289px) 100vw, 289px\" \/><\/a><\/p>\n","protected":false},"excerpt":{"rendered":"<p>Ayer, d\u00eda 20 de junio, dio comienzo la semana cultural en nuestro centro. Los alumnos\/as pudieron asistir a la charla del historiador Manuel Mu\u00f1oz Rojo, que nos habl\u00f3 sobre el pasado de nuestro pueblo,&#46;&#46;&#46;<\/p>\n","protected":false},"author":11457,"featured_media":3342,"comment_status":"closed","ping_status":"open","sticky":false,"template":"","format":"standard","meta":{"ngg_post_thumbnail":0,"footnotes":""},"categories":[2351654],"tags":[],"aioseo_notices":[],"post_mailing_queue_ids":[],"_links":{"self":[{"href":"https:\/\/blogsaverroes.juntadeandalucia.es\/ceper-alsadif\/wp-json\/wp\/v2\/posts\/3341"}],"collection":[{"href":"https:\/\/blogsaverroes.juntadeandalucia.es\/ceper-alsadif\/wp-json\/wp\/v2\/posts"}],"about":[{"href":"https:\/\/blogsaverroes.juntadeandalucia.es\/ceper-alsadif\/wp-json\/wp\/v2\/types\/post"}],"author":[{"embeddable":true,"href":"https:\/\/blogsaverroes.juntadeandalucia.es\/ceper-alsadif\/wp-json\/wp\/v2\/users\/11457"}],"replies":[{"embeddable":true,"href":"https:\/\/blogsaverroes.juntadeandalucia.es\/ceper-alsadif\/wp-json\/wp\/v2\/comments?post=3341"}],"version-history":[{"count":1,"href":"https:\/\/blogsaverroes.juntadeandalucia.es\/ceper-alsadif\/wp-json\/wp\/v2\/posts\/3341\/revisions"}],"predecessor-version":[{"id":3347,"href":"https:\/\/blogsaverroes.juntadeandalucia.es\/ceper-alsadif\/wp-json\/wp\/v2\/posts\/3341\/revisions\/3347"}],"wp:featuredmedia":[{"embeddable":true,"href":"https:\/\/blogsaverroes.juntadeandalucia.es\/ceper-alsadif\/wp-json\/wp\/v2\/media\/3342"}],"wp:attachment":[{"href":"https:\/\/blogsaverroes.juntadeandalucia.es\/ceper-alsadif\/wp-json\/wp\/v2\/media?parent=3341"}],"wp:term":[{"taxonomy":"category","embeddable":true,"href":"https:\/\/blogsaverroes.juntadeandalucia.es\/ceper-alsadif\/wp-json\/wp\/v2\/categories?post=3341"},{"taxonomy":"post_tag","embeddable":true,"href":"https:\/\/blogsaverroes.juntadeandalucia.es\/ceper-alsadif\/wp-json\/wp\/v2\/tags?post=3341"}],"curies":[{"name":"wp","href":"https:\/\/api.w.org\/{rel}","templated":true}]}}