{"id":3411,"date":"2023-03-01T14:21:55","date_gmt":"2023-03-01T13:21:55","guid":{"rendered":"https:\/\/blogsaverroes.juntadeandalucia.es\/ceper-alsadif\/?p=3411"},"modified":"2023-09-02T21:57:00","modified_gmt":"2023-09-02T19:57:00","slug":"dia-de-andalucia-2","status":"publish","type":"post","link":"https:\/\/blogsaverroes.juntadeandalucia.es\/ceper-alsadif\/dia-de-andalucia-2\/","title":{"rendered":"D\u00eda de Andaluc\u00eda"},"content":{"rendered":"<p>Con motivo de la celebraci\u00f3n del D\u00eda de Andaluc\u00eda, como cada a\u00f1o, hemos tenido nuestra convivencia que este a\u00f1o tuvo lugar el mi\u00e9rcoles 22 de Febrero, en la caseta municipal de Palma del R\u00edo.&nbsp;<\/p>\n<p>El acto comenz\u00f3 sobre las 13:30 con el recibimiento por parte del profesorado del alumnado ,el cual deb\u00eda venir ataviado con alg\u00fan detalle&nbsp; significativo de nuestra comunidad (clavel, mantoncillo&#8230;.). Para despu\u00e9s continuar con la degustaci\u00f3n de viandas de nuestra tierra y el plato estrella MIGAS con NARANJAS. (buen\u00edsimas&#8230;.).<\/p>\n<p>Que mejor que un ratito de juegos y de divertimento despu\u00e9s de una suculenta comida y para terminar con el acto la lectura de unas poes\u00edas, escritas tanto por el alumnado de Palma del R\u00edo como por el de Hornachuelos, donde nos dejaron constancia de su sabidur\u00eda y de sus sentimientos por esta tierra que los vio nacer o que los adopt\u00f3, a trav\u00e9s de sus palabras.<\/p>\n<p>Y como gran final no pod\u00edamos despedirnos sin cantar el himno de Andaluc\u00eda, este himno que nos engloba y nos une.<\/p>\n<p>Damos las gracias a todo el alumnado que colabor\u00f3 en la organizaci\u00f3n para que todos disfrut\u00e1ramos un a\u00f1o m\u00e1s de este d\u00eda lleno de alegr\u00eda y cordialidad.<\/p>\n<p><a href=\"https:\/\/blogsaverroes.juntadeandalucia.es\/ceper-alsadif\/files\/2023\/03\/1677673853685-scaled.jpg\"><img loading=\"lazy\" decoding=\"async\" class=\"alignnone size-full wp-image-3412\" src=\"https:\/\/blogsaverroes.juntadeandalucia.es\/ceper-alsadif\/files\/2023\/03\/1677673853685-scaled.jpg\" alt=\"\" width=\"1600\" height=\"720\" srcset=\"https:\/\/blogsaverroes.juntadeandalucia.es\/ceper-alsadif\/files\/2023\/03\/1677673853685-scaled.jpg 1600w, https:\/\/blogsaverroes.juntadeandalucia.es\/ceper-alsadif\/files\/2023\/03\/1677673853685-300x135.jpg 300w, https:\/\/blogsaverroes.juntadeandalucia.es\/ceper-alsadif\/files\/2023\/03\/1677673853685-1024x461.jpg 1024w, https:\/\/blogsaverroes.juntadeandalucia.es\/ceper-alsadif\/files\/2023\/03\/1677673853685-768x346.jpg 768w, https:\/\/blogsaverroes.juntadeandalucia.es\/ceper-alsadif\/files\/2023\/03\/1677673853685-1536x691.jpg 1536w, https:\/\/blogsaverroes.juntadeandalucia.es\/ceper-alsadif\/files\/2023\/03\/1677673853685-2048x922.jpg 2048w\" sizes=\"(max-width: 1600px) 100vw, 1600px\" \/><\/a> <a href=\"https:\/\/blogsaverroes.juntadeandalucia.es\/ceper-alsadif\/files\/2023\/03\/1677673942377-scaled.jpg\"><img loading=\"lazy\" decoding=\"async\" class=\"alignnone size-full wp-image-3413\" src=\"https:\/\/blogsaverroes.juntadeandalucia.es\/ceper-alsadif\/files\/2023\/03\/1677673942377-scaled.jpg\" alt=\"\" width=\"720\" height=\"1600\" srcset=\"https:\/\/blogsaverroes.juntadeandalucia.es\/ceper-alsadif\/files\/2023\/03\/1677673942377-scaled.jpg 720w, https:\/\/blogsaverroes.juntadeandalucia.es\/ceper-alsadif\/files\/2023\/03\/1677673942377-135x300.jpg 135w, https:\/\/blogsaverroes.juntadeandalucia.es\/ceper-alsadif\/files\/2023\/03\/1677673942377-461x1024.jpg 461w, https:\/\/blogsaverroes.juntadeandalucia.es\/ceper-alsadif\/files\/2023\/03\/1677673942377-768x1707.jpg 768w, https:\/\/blogsaverroes.juntadeandalucia.es\/ceper-alsadif\/files\/2023\/03\/1677673942377-691x1536.jpg 691w, https:\/\/blogsaverroes.juntadeandalucia.es\/ceper-alsadif\/files\/2023\/03\/1677673942377-922x2048.jpg 922w\" sizes=\"(max-width: 720px) 100vw, 720px\" \/><\/a><\/p>\n<div style=\"width: 848px;\" class=\"wp-video\"><!--[if lt IE 9]><script>document.createElement('video');<\/script><![endif]-->\n<video class=\"wp-video-shortcode\" id=\"video-3411-1\" width=\"848\" height=\"480\" preload=\"metadata\" controls=\"controls\"><source type=\"video\/mp4\" src=\"https:\/\/blogsaverroes.juntadeandalucia.es\/ceper-alsadif\/files\/2023\/03\/VID-20230222-WA0044.mp4?_=1\" \/><a href=\"https:\/\/blogsaverroes.juntadeandalucia.es\/ceper-alsadif\/files\/2023\/03\/VID-20230222-WA0044.mp4\">https:\/\/blogsaverroes.juntadeandalucia.es\/ceper-alsadif\/files\/2023\/03\/VID-20230222-WA0044.mp4<\/a><\/video><\/div>\n","protected":false},"excerpt":{"rendered":"<p>Con motivo de la celebraci\u00f3n del D\u00eda de Andaluc\u00eda, como cada a\u00f1o, hemos tenido nuestra convivencia que este a\u00f1o tuvo lugar el mi\u00e9rcoles 22 de Febrero, en la caseta municipal de Palma del R\u00edo.&nbsp;&#46;&#46;&#46;<\/p>\n","protected":false},"author":11457,"featured_media":3487,"comment_status":"closed","ping_status":"open","sticky":false,"template":"","format":"standard","meta":{"ngg_post_thumbnail":0,"footnotes":""},"categories":[2351654],"tags":[],"aioseo_notices":[],"post_mailing_queue_ids":[],"_links":{"self":[{"href":"https:\/\/blogsaverroes.juntadeandalucia.es\/ceper-alsadif\/wp-json\/wp\/v2\/posts\/3411"}],"collection":[{"href":"https:\/\/blogsaverroes.juntadeandalucia.es\/ceper-alsadif\/wp-json\/wp\/v2\/posts"}],"about":[{"href":"https:\/\/blogsaverroes.juntadeandalucia.es\/ceper-alsadif\/wp-json\/wp\/v2\/types\/post"}],"author":[{"embeddable":true,"href":"https:\/\/blogsaverroes.juntadeandalucia.es\/ceper-alsadif\/wp-json\/wp\/v2\/users\/11457"}],"replies":[{"embeddable":true,"href":"https:\/\/blogsaverroes.juntadeandalucia.es\/ceper-alsadif\/wp-json\/wp\/v2\/comments?post=3411"}],"version-history":[{"count":1,"href":"https:\/\/blogsaverroes.juntadeandalucia.es\/ceper-alsadif\/wp-json\/wp\/v2\/posts\/3411\/revisions"}],"predecessor-version":[{"id":3415,"href":"https:\/\/blogsaverroes.juntadeandalucia.es\/ceper-alsadif\/wp-json\/wp\/v2\/posts\/3411\/revisions\/3415"}],"wp:featuredmedia":[{"embeddable":true,"href":"https:\/\/blogsaverroes.juntadeandalucia.es\/ceper-alsadif\/wp-json\/wp\/v2\/media\/3487"}],"wp:attachment":[{"href":"https:\/\/blogsaverroes.juntadeandalucia.es\/ceper-alsadif\/wp-json\/wp\/v2\/media?parent=3411"}],"wp:term":[{"taxonomy":"category","embeddable":true,"href":"https:\/\/blogsaverroes.juntadeandalucia.es\/ceper-alsadif\/wp-json\/wp\/v2\/categories?post=3411"},{"taxonomy":"post_tag","embeddable":true,"href":"https:\/\/blogsaverroes.juntadeandalucia.es\/ceper-alsadif\/wp-json\/wp\/v2\/tags?post=3411"}],"curies":[{"name":"wp","href":"https:\/\/api.w.org\/{rel}","templated":true}]}}