{"id":3429,"date":"2023-03-22T12:17:44","date_gmt":"2023-03-22T11:17:44","guid":{"rendered":"https:\/\/blogsaverroes.juntadeandalucia.es\/ceper-alsadif\/?p=3429"},"modified":"2023-09-02T21:35:57","modified_gmt":"2023-09-02T19:35:57","slug":"dia-internacional-de-la-mujer-2","status":"publish","type":"post","link":"https:\/\/blogsaverroes.juntadeandalucia.es\/ceper-alsadif\/dia-internacional-de-la-mujer-2\/","title":{"rendered":"D\u00cdA INTERNACIONAL DE LA MUJER."},"content":{"rendered":"<p style=\"text-align: justify\">&nbsp; El D\u00eda Internacional de la Mujer se conmemora cada 8 de marzo, fecha que se utiliza para visualizar la desigualdad de g\u00e9nero y para revindicar la lucha por la igualdad efectiva de derechos para las mujeres en todos los \u00e1mbitos.<\/p>\n<p style=\"text-align: justify\">&nbsp; El CEPER Al &#8211; Sadif ha comenzado el mes de marzo conmemorando este d\u00eda tan significativo para todas las mujeres. La primera actividad ha sido el visionado de la pel\u00edcula titulada &#8220;Las mujeres de verdad tienen curvas&#8221;. Con esta pel\u00edcula hemos intentado sensibilizar al alumnado sobre los estereotipos f\u00edsicos e intelectuales impuestos a las mujeres y lograr una empat\u00eda hacia la igualdad de ambos g\u00e9neros.<\/p>\n<p>&nbsp; El centro ha contado con la colaboraci\u00f3n tanto de personal sanitario como de una profesional del deporte.<\/p>\n<p style=\"text-align: justify\">&nbsp; La primera ponencia estuvo a cargo de tres mujeres especializadas en el \u00e1mbito sanitario. Esta ponencia trato sobre la importancia de una alimentaci\u00f3n saludable y equilibrada<\/p>\n<p>La segunda ponencia estuvo dirigida por una profesional del deporte, Minerva, persona conocida en el pueblo y fuera de sus fronteras por su labor gimn\u00e1stica, formativa y sesiones de cuidado del cuerpo mediante ejercicio f\u00edsico.<\/p>\n<p>&nbsp; Decir que todas estas actividades han sido muy amenas para el alumnado y sobre todo pr\u00e1cticas y f\u00e1ciles de llevar a cabo.<\/p>\n<p>&nbsp; Como punto final, el alumnado ha elaborado una frase por clase a modo de &#8220;slogan&#8221; y empoderamiento de la mujer. Estas frases con ayuda del profesorado han culminado en la elaboraci\u00f3n de carteler\u00eda impresa que luego ha sido expuesta en las paredes del patio principal del centro.<\/p>\n<p style=\"text-align: justify\">.<a href=\"https:\/\/blogsaverroes.juntadeandalucia.es\/ceper-alsadif\/files\/2023\/03\/peli5-1.jpg\"><img loading=\"lazy\" decoding=\"async\" class=\"alignnone wp-image-3430\" src=\"https:\/\/blogsaverroes.juntadeandalucia.es\/ceper-alsadif\/files\/2023\/03\/peli5-1.jpg\" alt=\"\" width=\"731\" height=\"1583\" srcset=\"https:\/\/blogsaverroes.juntadeandalucia.es\/ceper-alsadif\/files\/2023\/03\/peli5-1.jpg 739w, https:\/\/blogsaverroes.juntadeandalucia.es\/ceper-alsadif\/files\/2023\/03\/peli5-1-139x300.jpg 139w, https:\/\/blogsaverroes.juntadeandalucia.es\/ceper-alsadif\/files\/2023\/03\/peli5-1-473x1024.jpg 473w, https:\/\/blogsaverroes.juntadeandalucia.es\/ceper-alsadif\/files\/2023\/03\/peli5-1-709x1536.jpg 709w\" sizes=\"(max-width: 731px) 100vw, 731px\" \/><\/a> <a href=\"https:\/\/blogsaverroes.juntadeandalucia.es\/ceper-alsadif\/files\/2023\/03\/peli4-1.jpg\"><img loading=\"lazy\" decoding=\"async\" class=\"alignnone size-full wp-image-3431\" src=\"https:\/\/blogsaverroes.juntadeandalucia.es\/ceper-alsadif\/files\/2023\/03\/peli4-1.jpg\" alt=\"\" width=\"739\" height=\"1600\" srcset=\"https:\/\/blogsaverroes.juntadeandalucia.es\/ceper-alsadif\/files\/2023\/03\/peli4-1.jpg 739w, https:\/\/blogsaverroes.juntadeandalucia.es\/ceper-alsadif\/files\/2023\/03\/peli4-1-139x300.jpg 139w, https:\/\/blogsaverroes.juntadeandalucia.es\/ceper-alsadif\/files\/2023\/03\/peli4-1-473x1024.jpg 473w, https:\/\/blogsaverroes.juntadeandalucia.es\/ceper-alsadif\/files\/2023\/03\/peli4-1-709x1536.jpg 709w\" sizes=\"(max-width: 739px) 100vw, 739px\" \/><\/a> <a href=\"https:\/\/blogsaverroes.juntadeandalucia.es\/ceper-alsadif\/files\/2023\/03\/peli2-1.jpg\"><img loading=\"lazy\" decoding=\"async\" class=\"alignnone size-full wp-image-3432\" src=\"https:\/\/blogsaverroes.juntadeandalucia.es\/ceper-alsadif\/files\/2023\/03\/peli2-1.jpg\" alt=\"\" width=\"739\" height=\"1600\" srcset=\"https:\/\/blogsaverroes.juntadeandalucia.es\/ceper-alsadif\/files\/2023\/03\/peli2-1.jpg 739w, https:\/\/blogsaverroes.juntadeandalucia.es\/ceper-alsadif\/files\/2023\/03\/peli2-1-139x300.jpg 139w, https:\/\/blogsaverroes.juntadeandalucia.es\/ceper-alsadif\/files\/2023\/03\/peli2-1-473x1024.jpg 473w, https:\/\/blogsaverroes.juntadeandalucia.es\/ceper-alsadif\/files\/2023\/03\/peli2-1-709x1536.jpg 709w\" sizes=\"(max-width: 739px) 100vw, 739px\" \/><\/a> <a href=\"https:\/\/blogsaverroes.juntadeandalucia.es\/ceper-alsadif\/files\/2023\/03\/minerva-1.jpg\"><img loading=\"lazy\" decoding=\"async\" class=\"alignnone size-full wp-image-3433\" src=\"https:\/\/blogsaverroes.juntadeandalucia.es\/ceper-alsadif\/files\/2023\/03\/minerva-1.jpg\" alt=\"\" width=\"1023\" height=\"1022\" srcset=\"https:\/\/blogsaverroes.juntadeandalucia.es\/ceper-alsadif\/files\/2023\/03\/minerva-1.jpg 1023w, https:\/\/blogsaverroes.juntadeandalucia.es\/ceper-alsadif\/files\/2023\/03\/minerva-1-300x300.jpg 300w, https:\/\/blogsaverroes.juntadeandalucia.es\/ceper-alsadif\/files\/2023\/03\/minerva-1-150x150.jpg 150w, https:\/\/blogsaverroes.juntadeandalucia.es\/ceper-alsadif\/files\/2023\/03\/minerva-1-768x767.jpg 768w, https:\/\/blogsaverroes.juntadeandalucia.es\/ceper-alsadif\/files\/2023\/03\/minerva-1-80x80.jpg 80w, https:\/\/blogsaverroes.juntadeandalucia.es\/ceper-alsadif\/files\/2023\/03\/minerva-1-320x320.jpg 320w\" sizes=\"(max-width: 1023px) 100vw, 1023px\" \/><\/a><\/p>\n<p style=\"text-align: justify\">&nbsp;<\/p>\n","protected":false},"excerpt":{"rendered":"<p>&nbsp; El D\u00eda Internacional de la Mujer se conmemora cada 8 de marzo, fecha que se utiliza para visualizar la desigualdad de g\u00e9nero y para revindicar la lucha por la igualdad efectiva de derechos&#46;&#46;&#46;<\/p>\n","protected":false},"author":11457,"featured_media":3428,"comment_status":"closed","ping_status":"open","sticky":false,"template":"","format":"standard","meta":{"ngg_post_thumbnail":0,"footnotes":""},"categories":[2351654],"tags":[],"aioseo_notices":[],"post_mailing_queue_ids":[],"_links":{"self":[{"href":"https:\/\/blogsaverroes.juntadeandalucia.es\/ceper-alsadif\/wp-json\/wp\/v2\/posts\/3429"}],"collection":[{"href":"https:\/\/blogsaverroes.juntadeandalucia.es\/ceper-alsadif\/wp-json\/wp\/v2\/posts"}],"about":[{"href":"https:\/\/blogsaverroes.juntadeandalucia.es\/ceper-alsadif\/wp-json\/wp\/v2\/types\/post"}],"author":[{"embeddable":true,"href":"https:\/\/blogsaverroes.juntadeandalucia.es\/ceper-alsadif\/wp-json\/wp\/v2\/users\/11457"}],"replies":[{"embeddable":true,"href":"https:\/\/blogsaverroes.juntadeandalucia.es\/ceper-alsadif\/wp-json\/wp\/v2\/comments?post=3429"}],"version-history":[{"count":3,"href":"https:\/\/blogsaverroes.juntadeandalucia.es\/ceper-alsadif\/wp-json\/wp\/v2\/posts\/3429\/revisions"}],"predecessor-version":[{"id":3436,"href":"https:\/\/blogsaverroes.juntadeandalucia.es\/ceper-alsadif\/wp-json\/wp\/v2\/posts\/3429\/revisions\/3436"}],"wp:featuredmedia":[{"embeddable":true,"href":"https:\/\/blogsaverroes.juntadeandalucia.es\/ceper-alsadif\/wp-json\/wp\/v2\/media\/3428"}],"wp:attachment":[{"href":"https:\/\/blogsaverroes.juntadeandalucia.es\/ceper-alsadif\/wp-json\/wp\/v2\/media?parent=3429"}],"wp:term":[{"taxonomy":"category","embeddable":true,"href":"https:\/\/blogsaverroes.juntadeandalucia.es\/ceper-alsadif\/wp-json\/wp\/v2\/categories?post=3429"},{"taxonomy":"post_tag","embeddable":true,"href":"https:\/\/blogsaverroes.juntadeandalucia.es\/ceper-alsadif\/wp-json\/wp\/v2\/tags?post=3429"}],"curies":[{"name":"wp","href":"https:\/\/api.w.org\/{rel}","templated":true}]}}