{"id":3531,"date":"2023-11-17T21:23:49","date_gmt":"2023-11-17T20:23:49","guid":{"rendered":"https:\/\/blogsaverroes.juntadeandalucia.es\/ceper-alsadif\/?p=3531"},"modified":"2023-11-25T10:26:37","modified_gmt":"2023-11-25T09:26:37","slug":"3531-2","status":"publish","type":"post","link":"https:\/\/blogsaverroes.juntadeandalucia.es\/ceper-alsadif\/3531-2\/","title":{"rendered":"D\u00eda Internacional del Flamenco"},"content":{"rendered":"<p>El d\u00eda 16 de noviembre se celebra el D\u00eda Internacional del Flamenco. El flamenco cuenta con una extraordinaria proyecci\u00f3n cultural, no solo en Andaluc\u00eda, sino en el resto de Espa\u00f1a y a nivel internacional. Evidencia de ello es su incorporaci\u00f3n a la lista de manifestaciones culturales que forman parte del Patrimonio Cultural Inmaterial de la Humanidad de la UNESCO.<br \/>\nTodo el centro, en el que se incluyen la SEP de &#8220;El Amanecer&#8221; y el aula de extensi\u00f3n cultural de &#8220;El Moh\u00edno&#8221; ha querido celebrar este d\u00eda por todo lo alto, no solo con el trabajo del flamenco en cada una de las unidades, sino tambi\u00e9n a trav\u00e9s de su puesta en pr\u00e1ctica porque\u2026 \u00a1acudir a un espect\u00e1culo flamenco es la mejor forma de celebra este d\u00eda! \u00a1Y si se acompa\u00f1a de churros con chocolate m\u00e1s que mejor!<br \/>\nAqu\u00ed os dejamos las fotos de una tarde fant\u00e1stica llena de risas y baile. Gracias a todos\/as por haber hecho posible este d\u00eda.<\/p>\n<p><a href=\"https:\/\/blogsaverroes.juntadeandalucia.es\/ceper-alsadif\/files\/2023\/11\/foto-1.jpeg\"><img loading=\"lazy\" decoding=\"async\" class=\"alignnone size-full wp-image-3532\" src=\"https:\/\/blogsaverroes.juntadeandalucia.es\/ceper-alsadif\/files\/2023\/11\/foto-1.jpeg\" alt=\"\" width=\"1600\" height=\"720\" srcset=\"https:\/\/blogsaverroes.juntadeandalucia.es\/ceper-alsadif\/files\/2023\/11\/foto-1.jpeg 1600w, https:\/\/blogsaverroes.juntadeandalucia.es\/ceper-alsadif\/files\/2023\/11\/foto-1-300x135.jpeg 300w, https:\/\/blogsaverroes.juntadeandalucia.es\/ceper-alsadif\/files\/2023\/11\/foto-1-1024x461.jpeg 1024w, https:\/\/blogsaverroes.juntadeandalucia.es\/ceper-alsadif\/files\/2023\/11\/foto-1-768x346.jpeg 768w, https:\/\/blogsaverroes.juntadeandalucia.es\/ceper-alsadif\/files\/2023\/11\/foto-1-1536x691.jpeg 1536w\" sizes=\"(max-width: 1600px) 100vw, 1600px\" \/><\/a> <a href=\"https:\/\/blogsaverroes.juntadeandalucia.es\/ceper-alsadif\/files\/2023\/11\/foto-2.jpeg\"><img loading=\"lazy\" decoding=\"async\" class=\"alignnone size-full wp-image-3533\" src=\"https:\/\/blogsaverroes.juntadeandalucia.es\/ceper-alsadif\/files\/2023\/11\/foto-2.jpeg\" alt=\"\" width=\"1600\" height=\"720\" srcset=\"https:\/\/blogsaverroes.juntadeandalucia.es\/ceper-alsadif\/files\/2023\/11\/foto-2.jpeg 1600w, https:\/\/blogsaverroes.juntadeandalucia.es\/ceper-alsadif\/files\/2023\/11\/foto-2-300x135.jpeg 300w, https:\/\/blogsaverroes.juntadeandalucia.es\/ceper-alsadif\/files\/2023\/11\/foto-2-1024x461.jpeg 1024w, https:\/\/blogsaverroes.juntadeandalucia.es\/ceper-alsadif\/files\/2023\/11\/foto-2-768x346.jpeg 768w, https:\/\/blogsaverroes.juntadeandalucia.es\/ceper-alsadif\/files\/2023\/11\/foto-2-1536x691.jpeg 1536w\" sizes=\"(max-width: 1600px) 100vw, 1600px\" \/><\/a> <a href=\"https:\/\/blogsaverroes.juntadeandalucia.es\/ceper-alsadif\/files\/2023\/11\/foto-3.jpeg\"><img loading=\"lazy\" decoding=\"async\" class=\"alignnone size-full wp-image-3534\" src=\"https:\/\/blogsaverroes.juntadeandalucia.es\/ceper-alsadif\/files\/2023\/11\/foto-3.jpeg\" alt=\"\" width=\"1200\" height=\"1600\" srcset=\"https:\/\/blogsaverroes.juntadeandalucia.es\/ceper-alsadif\/files\/2023\/11\/foto-3.jpeg 1200w, https:\/\/blogsaverroes.juntadeandalucia.es\/ceper-alsadif\/files\/2023\/11\/foto-3-225x300.jpeg 225w, https:\/\/blogsaverroes.juntadeandalucia.es\/ceper-alsadif\/files\/2023\/11\/foto-3-768x1024.jpeg 768w, https:\/\/blogsaverroes.juntadeandalucia.es\/ceper-alsadif\/files\/2023\/11\/foto-3-1152x1536.jpeg 1152w\" sizes=\"(max-width: 1200px) 100vw, 1200px\" \/><\/a> <a href=\"https:\/\/blogsaverroes.juntadeandalucia.es\/ceper-alsadif\/files\/2023\/11\/WhatsApp-Image-2023-11-16-at-15.30.48-1.jpeg\"><img loading=\"lazy\" decoding=\"async\" class=\"alignnone size-full wp-image-3535\" src=\"https:\/\/blogsaverroes.juntadeandalucia.es\/ceper-alsadif\/files\/2023\/11\/WhatsApp-Image-2023-11-16-at-15.30.48-1.jpeg\" alt=\"\" width=\"1600\" height=\"1200\" srcset=\"https:\/\/blogsaverroes.juntadeandalucia.es\/ceper-alsadif\/files\/2023\/11\/WhatsApp-Image-2023-11-16-at-15.30.48-1.jpeg 1600w, https:\/\/blogsaverroes.juntadeandalucia.es\/ceper-alsadif\/files\/2023\/11\/WhatsApp-Image-2023-11-16-at-15.30.48-1-300x225.jpeg 300w, https:\/\/blogsaverroes.juntadeandalucia.es\/ceper-alsadif\/files\/2023\/11\/WhatsApp-Image-2023-11-16-at-15.30.48-1-1024x768.jpeg 1024w, https:\/\/blogsaverroes.juntadeandalucia.es\/ceper-alsadif\/files\/2023\/11\/WhatsApp-Image-2023-11-16-at-15.30.48-1-768x576.jpeg 768w, https:\/\/blogsaverroes.juntadeandalucia.es\/ceper-alsadif\/files\/2023\/11\/WhatsApp-Image-2023-11-16-at-15.30.48-1-1536x1152.jpeg 1536w\" sizes=\"(max-width: 1600px) 100vw, 1600px\" \/><\/a><\/p>\n<div style=\"width: 848px;\" class=\"wp-video\"><!--[if lt IE 9]><script>document.createElement('video');<\/script><![endif]-->\n<video class=\"wp-video-shortcode\" id=\"video-3531-1\" width=\"848\" height=\"480\" preload=\"metadata\" controls=\"controls\"><source type=\"video\/mp4\" src=\"https:\/\/blogsaverroes.juntadeandalucia.es\/ceper-alsadif\/files\/2023\/11\/WhatsApp-Video-2023-11-16-at-15.31.02.mp4?_=1\" \/><a href=\"https:\/\/blogsaverroes.juntadeandalucia.es\/ceper-alsadif\/files\/2023\/11\/WhatsApp-Video-2023-11-16-at-15.31.02.mp4\">https:\/\/blogsaverroes.juntadeandalucia.es\/ceper-alsadif\/files\/2023\/11\/WhatsApp-Video-2023-11-16-at-15.31.02.mp4<\/a><\/video><\/div>\n<div style=\"width: 848px;\" class=\"wp-video\"><video class=\"wp-video-shortcode\" id=\"video-3531-2\" width=\"848\" height=\"480\" preload=\"metadata\" controls=\"controls\"><source type=\"video\/mp4\" src=\"https:\/\/blogsaverroes.juntadeandalucia.es\/ceper-alsadif\/files\/2023\/11\/WhatsApp-Video-2023-11-16-at-15.31.03.mp4?_=2\" \/><a href=\"https:\/\/blogsaverroes.juntadeandalucia.es\/ceper-alsadif\/files\/2023\/11\/WhatsApp-Video-2023-11-16-at-15.31.03.mp4\">https:\/\/blogsaverroes.juntadeandalucia.es\/ceper-alsadif\/files\/2023\/11\/WhatsApp-Video-2023-11-16-at-15.31.03.mp4<\/a><\/video><\/div>\n","protected":false},"excerpt":{"rendered":"<p>El d\u00eda 16 de noviembre se celebra el D\u00eda Internacional del Flamenco. El flamenco cuenta con una extraordinaria proyecci\u00f3n cultural, no solo en Andaluc\u00eda, sino en el resto de Espa\u00f1a y a nivel internacional.&#46;&#46;&#46;<\/p>\n","protected":false},"author":11457,"featured_media":3535,"comment_status":"closed","ping_status":"open","sticky":false,"template":"","format":"standard","meta":{"ngg_post_thumbnail":0,"footnotes":""},"categories":[2351654,2351665],"tags":[],"aioseo_notices":[],"post_mailing_queue_ids":[],"_links":{"self":[{"href":"https:\/\/blogsaverroes.juntadeandalucia.es\/ceper-alsadif\/wp-json\/wp\/v2\/posts\/3531"}],"collection":[{"href":"https:\/\/blogsaverroes.juntadeandalucia.es\/ceper-alsadif\/wp-json\/wp\/v2\/posts"}],"about":[{"href":"https:\/\/blogsaverroes.juntadeandalucia.es\/ceper-alsadif\/wp-json\/wp\/v2\/types\/post"}],"author":[{"embeddable":true,"href":"https:\/\/blogsaverroes.juntadeandalucia.es\/ceper-alsadif\/wp-json\/wp\/v2\/users\/11457"}],"replies":[{"embeddable":true,"href":"https:\/\/blogsaverroes.juntadeandalucia.es\/ceper-alsadif\/wp-json\/wp\/v2\/comments?post=3531"}],"version-history":[{"count":2,"href":"https:\/\/blogsaverroes.juntadeandalucia.es\/ceper-alsadif\/wp-json\/wp\/v2\/posts\/3531\/revisions"}],"predecessor-version":[{"id":3539,"href":"https:\/\/blogsaverroes.juntadeandalucia.es\/ceper-alsadif\/wp-json\/wp\/v2\/posts\/3531\/revisions\/3539"}],"wp:featuredmedia":[{"embeddable":true,"href":"https:\/\/blogsaverroes.juntadeandalucia.es\/ceper-alsadif\/wp-json\/wp\/v2\/media\/3535"}],"wp:attachment":[{"href":"https:\/\/blogsaverroes.juntadeandalucia.es\/ceper-alsadif\/wp-json\/wp\/v2\/media?parent=3531"}],"wp:term":[{"taxonomy":"category","embeddable":true,"href":"https:\/\/blogsaverroes.juntadeandalucia.es\/ceper-alsadif\/wp-json\/wp\/v2\/categories?post=3531"},{"taxonomy":"post_tag","embeddable":true,"href":"https:\/\/blogsaverroes.juntadeandalucia.es\/ceper-alsadif\/wp-json\/wp\/v2\/tags?post=3531"}],"curies":[{"name":"wp","href":"https:\/\/api.w.org\/{rel}","templated":true}]}}