{"id":3629,"date":"2024-05-03T20:01:20","date_gmt":"2024-05-03T18:01:20","guid":{"rendered":"https:\/\/blogsaverroes.juntadeandalucia.es\/ceper-alsadif\/?p=3629"},"modified":"2024-05-03T20:04:52","modified_gmt":"2024-05-03T18:04:52","slug":"viaje-a-osuna","status":"publish","type":"post","link":"https:\/\/blogsaverroes.juntadeandalucia.es\/ceper-alsadif\/viaje-a-osuna\/","title":{"rendered":"VIAJE A OSUNA"},"content":{"rendered":"<p>\u00a1Hoy hemos estado de salida! El CEPER \u201cal-Sadif\u201d junto a su secci\u00f3n de \u201cEl Amanecer\u201d se ha desplazado hasta la localidad de Osuna para contemplar el \u201cCoto de las Canteras\u201d. De la mano de un gu\u00eda han podido conocer su historia y contemplar el lugar. \u00c9ste tiene una historia fascinante. Se remonta a la \u00e9poca romana, cuando se extra\u00eda piedra para la construcci\u00f3n de importantes edificaciones en la regi\u00f3n. A lo largo de los siglos, estas canteras han sido testigos mudos de la evoluci\u00f3n de la arquitectura y la sociedad en la zona. Es impresionante c\u00f3mo un lugar puede conservar tantas historias a lo largo del tiempo.<\/p>\n<p>A continuaci\u00f3n, han podido disfrutar de las maravillosas calles de esta localidad, destacando la calle San Pedro, considerada como la m\u00e1s bonita de Europa, finalizando la salida con un rico almuerzo en uno de los restaurantes del municipio. La sensaci\u00f3n general es la de un gran d\u00eda vivido y\u2026 \u00a1m\u00e1s conocimiento en nuestros bolsillos! Os dejamos algunas fotos para el recuerdo. \u00a1Hasta la pr\u00f3xima!<\/p>\n<p>&nbsp;<\/p>\n<p><a href=\"https:\/\/blogsaverroes.juntadeandalucia.es\/ceper-alsadif\/files\/2024\/05\/WhatsApp-Image-2024-05-03-at-14.13.53.jpeg\"><img loading=\"lazy\" decoding=\"async\" class=\"alignnone size-full wp-image-3655\" src=\"https:\/\/blogsaverroes.juntadeandalucia.es\/ceper-alsadif\/files\/2024\/05\/WhatsApp-Image-2024-05-03-at-14.13.53.jpeg\" alt=\"\" width=\"1600\" height=\"1200\" srcset=\"https:\/\/blogsaverroes.juntadeandalucia.es\/ceper-alsadif\/files\/2024\/05\/WhatsApp-Image-2024-05-03-at-14.13.53.jpeg 1600w, https:\/\/blogsaverroes.juntadeandalucia.es\/ceper-alsadif\/files\/2024\/05\/WhatsApp-Image-2024-05-03-at-14.13.53-300x225.jpeg 300w, https:\/\/blogsaverroes.juntadeandalucia.es\/ceper-alsadif\/files\/2024\/05\/WhatsApp-Image-2024-05-03-at-14.13.53-1024x768.jpeg 1024w, https:\/\/blogsaverroes.juntadeandalucia.es\/ceper-alsadif\/files\/2024\/05\/WhatsApp-Image-2024-05-03-at-14.13.53-768x576.jpeg 768w, https:\/\/blogsaverroes.juntadeandalucia.es\/ceper-alsadif\/files\/2024\/05\/WhatsApp-Image-2024-05-03-at-14.13.53-1536x1152.jpeg 1536w\" sizes=\"(max-width: 1600px) 100vw, 1600px\" \/><\/a><a href=\"https:\/\/blogsaverroes.juntadeandalucia.es\/ceper-alsadif\/files\/2024\/05\/WhatsApp-Image-2024-05-03-at-14.32.12.jpeg\"><img loading=\"lazy\" decoding=\"async\" class=\"alignnone size-full wp-image-3647\" src=\"https:\/\/blogsaverroes.juntadeandalucia.es\/ceper-alsadif\/files\/2024\/05\/WhatsApp-Image-2024-05-03-at-14.32.12.jpeg\" alt=\"\" width=\"1599\" height=\"1599\" srcset=\"https:\/\/blogsaverroes.juntadeandalucia.es\/ceper-alsadif\/files\/2024\/05\/WhatsApp-Image-2024-05-03-at-14.32.12.jpeg 1599w, https:\/\/blogsaverroes.juntadeandalucia.es\/ceper-alsadif\/files\/2024\/05\/WhatsApp-Image-2024-05-03-at-14.32.12-300x300.jpeg 300w, https:\/\/blogsaverroes.juntadeandalucia.es\/ceper-alsadif\/files\/2024\/05\/WhatsApp-Image-2024-05-03-at-14.32.12-1024x1024.jpeg 1024w, https:\/\/blogsaverroes.juntadeandalucia.es\/ceper-alsadif\/files\/2024\/05\/WhatsApp-Image-2024-05-03-at-14.32.12-150x150.jpeg 150w, https:\/\/blogsaverroes.juntadeandalucia.es\/ceper-alsadif\/files\/2024\/05\/WhatsApp-Image-2024-05-03-at-14.32.12-768x768.jpeg 768w, https:\/\/blogsaverroes.juntadeandalucia.es\/ceper-alsadif\/files\/2024\/05\/WhatsApp-Image-2024-05-03-at-14.32.12-1536x1536.jpeg 1536w, https:\/\/blogsaverroes.juntadeandalucia.es\/ceper-alsadif\/files\/2024\/05\/WhatsApp-Image-2024-05-03-at-14.32.12-80x80.jpeg 80w, https:\/\/blogsaverroes.juntadeandalucia.es\/ceper-alsadif\/files\/2024\/05\/WhatsApp-Image-2024-05-03-at-14.32.12-320x320.jpeg 320w\" sizes=\"(max-width: 1599px) 100vw, 1599px\" \/><\/a><a href=\"https:\/\/blogsaverroes.juntadeandalucia.es\/ceper-alsadif\/files\/2024\/05\/WhatsApp-Image-2024-05-03-at-14.32.12-1.jpeg\"><img loading=\"lazy\" decoding=\"async\" class=\"alignnone size-full wp-image-3648\" src=\"https:\/\/blogsaverroes.juntadeandalucia.es\/ceper-alsadif\/files\/2024\/05\/WhatsApp-Image-2024-05-03-at-14.32.12-1.jpeg\" alt=\"\" width=\"1599\" height=\"1599\" srcset=\"https:\/\/blogsaverroes.juntadeandalucia.es\/ceper-alsadif\/files\/2024\/05\/WhatsApp-Image-2024-05-03-at-14.32.12-1.jpeg 1599w, https:\/\/blogsaverroes.juntadeandalucia.es\/ceper-alsadif\/files\/2024\/05\/WhatsApp-Image-2024-05-03-at-14.32.12-1-300x300.jpeg 300w, https:\/\/blogsaverroes.juntadeandalucia.es\/ceper-alsadif\/files\/2024\/05\/WhatsApp-Image-2024-05-03-at-14.32.12-1-1024x1024.jpeg 1024w, https:\/\/blogsaverroes.juntadeandalucia.es\/ceper-alsadif\/files\/2024\/05\/WhatsApp-Image-2024-05-03-at-14.32.12-1-150x150.jpeg 150w, https:\/\/blogsaverroes.juntadeandalucia.es\/ceper-alsadif\/files\/2024\/05\/WhatsApp-Image-2024-05-03-at-14.32.12-1-768x768.jpeg 768w, https:\/\/blogsaverroes.juntadeandalucia.es\/ceper-alsadif\/files\/2024\/05\/WhatsApp-Image-2024-05-03-at-14.32.12-1-1536x1536.jpeg 1536w, https:\/\/blogsaverroes.juntadeandalucia.es\/ceper-alsadif\/files\/2024\/05\/WhatsApp-Image-2024-05-03-at-14.32.12-1-80x80.jpeg 80w, https:\/\/blogsaverroes.juntadeandalucia.es\/ceper-alsadif\/files\/2024\/05\/WhatsApp-Image-2024-05-03-at-14.32.12-1-320x320.jpeg 320w\" sizes=\"(max-width: 1599px) 100vw, 1599px\" \/><\/a><a href=\"https:\/\/blogsaverroes.juntadeandalucia.es\/ceper-alsadif\/files\/2024\/05\/WhatsApp-Image-2024-05-03-at-14.13.54.jpeg\"><img loading=\"lazy\" decoding=\"async\" class=\"alignnone size-full wp-image-3649\" src=\"https:\/\/blogsaverroes.juntadeandalucia.es\/ceper-alsadif\/files\/2024\/05\/WhatsApp-Image-2024-05-03-at-14.13.54.jpeg\" alt=\"\" width=\"1200\" height=\"1600\" srcset=\"https:\/\/blogsaverroes.juntadeandalucia.es\/ceper-alsadif\/files\/2024\/05\/WhatsApp-Image-2024-05-03-at-14.13.54.jpeg 1200w, https:\/\/blogsaverroes.juntadeandalucia.es\/ceper-alsadif\/files\/2024\/05\/WhatsApp-Image-2024-05-03-at-14.13.54-225x300.jpeg 225w, https:\/\/blogsaverroes.juntadeandalucia.es\/ceper-alsadif\/files\/2024\/05\/WhatsApp-Image-2024-05-03-at-14.13.54-768x1024.jpeg 768w, https:\/\/blogsaverroes.juntadeandalucia.es\/ceper-alsadif\/files\/2024\/05\/WhatsApp-Image-2024-05-03-at-14.13.54-1152x1536.jpeg 1152w\" sizes=\"(max-width: 1200px) 100vw, 1200px\" \/><\/a><\/p>\n","protected":false},"excerpt":{"rendered":"<p>\u00a1Hoy hemos estado de salida! El CEPER \u201cal-Sadif\u201d junto a su secci\u00f3n de \u201cEl Amanecer\u201d se ha desplazado hasta la localidad de Osuna para contemplar el \u201cCoto de las Canteras\u201d. De la mano de&#46;&#46;&#46;<\/p>\n","protected":false},"author":11457,"featured_media":3645,"comment_status":"closed","ping_status":"open","sticky":false,"template":"","format":"standard","meta":{"ngg_post_thumbnail":0,"footnotes":""},"categories":[2351654],"tags":[],"aioseo_notices":[],"post_mailing_queue_ids":[],"_links":{"self":[{"href":"https:\/\/blogsaverroes.juntadeandalucia.es\/ceper-alsadif\/wp-json\/wp\/v2\/posts\/3629"}],"collection":[{"href":"https:\/\/blogsaverroes.juntadeandalucia.es\/ceper-alsadif\/wp-json\/wp\/v2\/posts"}],"about":[{"href":"https:\/\/blogsaverroes.juntadeandalucia.es\/ceper-alsadif\/wp-json\/wp\/v2\/types\/post"}],"author":[{"embeddable":true,"href":"https:\/\/blogsaverroes.juntadeandalucia.es\/ceper-alsadif\/wp-json\/wp\/v2\/users\/11457"}],"replies":[{"embeddable":true,"href":"https:\/\/blogsaverroes.juntadeandalucia.es\/ceper-alsadif\/wp-json\/wp\/v2\/comments?post=3629"}],"version-history":[{"count":3,"href":"https:\/\/blogsaverroes.juntadeandalucia.es\/ceper-alsadif\/wp-json\/wp\/v2\/posts\/3629\/revisions"}],"predecessor-version":[{"id":3659,"href":"https:\/\/blogsaverroes.juntadeandalucia.es\/ceper-alsadif\/wp-json\/wp\/v2\/posts\/3629\/revisions\/3659"}],"wp:featuredmedia":[{"embeddable":true,"href":"https:\/\/blogsaverroes.juntadeandalucia.es\/ceper-alsadif\/wp-json\/wp\/v2\/media\/3645"}],"wp:attachment":[{"href":"https:\/\/blogsaverroes.juntadeandalucia.es\/ceper-alsadif\/wp-json\/wp\/v2\/media?parent=3629"}],"wp:term":[{"taxonomy":"category","embeddable":true,"href":"https:\/\/blogsaverroes.juntadeandalucia.es\/ceper-alsadif\/wp-json\/wp\/v2\/categories?post=3629"},{"taxonomy":"post_tag","embeddable":true,"href":"https:\/\/blogsaverroes.juntadeandalucia.es\/ceper-alsadif\/wp-json\/wp\/v2\/tags?post=3629"}],"curies":[{"name":"wp","href":"https:\/\/api.w.org\/{rel}","templated":true}]}}