{"id":3768,"date":"2025-02-28T11:52:37","date_gmt":"2025-02-28T10:52:37","guid":{"rendered":"https:\/\/blogsaverroes.juntadeandalucia.es\/ceper-alsadif\/?p=3768"},"modified":"2025-03-01T12:18:21","modified_gmt":"2025-03-01T11:18:21","slug":"dia-de-andalucia-4","status":"publish","type":"post","link":"https:\/\/blogsaverroes.juntadeandalucia.es\/ceper-alsadif\/dia-de-andalucia-4\/","title":{"rendered":"D\u00cdA DE ANDALUC\u00cdA"},"content":{"rendered":"<p style=\"text-align: justify\">&nbsp; &nbsp; &nbsp; &nbsp;Hoy se celebra un d\u00eda emblem\u00e1tico para todos y todas, quienes somos andaluces y andaluzas, el D\u00cdA DE ANDALUC\u00cdA.<\/p>\n<p style=\"text-align: justify\">&nbsp; &nbsp; &nbsp; &nbsp;La conmemoraci\u00f3n del D\u00eda de Andaluc\u00eda, el 28 de febrero, en nuestros centros presta especial atenci\u00f3n al conocimiento y al respeto a los principios y valores recogidos en la Constituci\u00f3n Espa\u00f1ola y en el Estatuto de Autonom\u00eda, al conocimiento y reconocimiento de los procesos sociales e hist\u00f3ricos m\u00e1s relevantes, as\u00ed como del patrimonio natural, art\u00edstico y cultural de Andaluc\u00eda. Igualmente, se pone en valor las se\u00f1as de identidad de nuestra cultura, el reconocimiento de nuestra historia, s\u00edmbolos e instituciones propias, as\u00ed como conocer y valorar el patrimonio cultural de Andaluc\u00eda, partiendo de la comprensi\u00f3n de nuestra cultura, reconociendo a Andaluc\u00eda como comunidad de encuentro junto con el respeto y la valoraci\u00f3n de la modalidad ling\u00fc\u00edstica andaluza en todas sus variedades. Por tanto, y en base a todo lo anterior, el CEPER \u201cal Sadif\u201d, la SEP \u201cEl Amanecer\u201d y el aula de extensi\u00f3n cultural de \u201cEl Moh\u00edno\u201d conmemora el D\u00eda de Andaluc\u00eda fomentando entre nuestro alumnado el conocimiento y la reflexi\u00f3n de los valores c\u00edvicos y democr\u00e1ticos que impregnan tanto la Constituci\u00f3n Espa\u00f1ola como nuestro Estatuto de Autonom\u00eda.<\/p>\n<p style=\"text-align: justify\">&nbsp; &nbsp; &nbsp; &nbsp;De acuerdo a lo expuesto en el p\u00e1rrafo anterior, nuestro alumnado ha festejado el D\u00eda de Andaluc\u00eda con diferentes pr\u00e1cticas did\u00e1cticas como son el visionado de un interesante documental que versa sobre la historia de esta comunidad aut\u00f3noma andaluza desde la etapa primitiva hasta nuestros d\u00edas; la realizaci\u00f3n de fichas, que simulan maletas de viaje, cuyo objetivo es la investigaci\u00f3n y recogida de datos acerca de los aspectos m\u00e1s representativos de cada provincia andaluza; la b\u00fasqueda de im\u00e1genes relacionadas con la cultura y costumbres de cada provincia; y, finalmente, la lectura de poemas escritos por distinguidos literatos relevantes de nuestra comunidad. Como cierre de&nbsp;toda esta tarea, la comunidad educativa ha celebrado una convivencia en el entorno natural y palme\u00f1o de los Pagos de Huertas de Pedro D\u00edaz. Esta actividad da marco y evidencia del conocimiento de nuestra tierra, de los valores c\u00edvicos y democr\u00e1ticos e indudablemente, de las costumbres y patrimonio natural de Andaluc\u00eda.<\/p>\n<p style=\"text-align: justify\">&nbsp; &nbsp; &nbsp; &nbsp;En las siguientes im\u00e1genes se puede apreciar todo el trabajo realizado por nuestro alumnado, quien ha manifestado gran implicaci\u00f3n y esfuerzo en su elaboraci\u00f3n construyendo en s\u00ed mismos de forma impl\u00edcita y expl\u00edcita aprendizaje y cultura de Andaluc\u00eda.<\/p>\n<p style=\"text-align: justify\"><a href=\"https:\/\/blogsaverroes.juntadeandalucia.es\/ceper-alsadif\/files\/2025\/03\/WhatsApp-Image-2025-03-01-at-11.42.17-1.jpeg\"><img loading=\"lazy\" decoding=\"async\" class=\"alignnone size-full wp-image-3774\" src=\"https:\/\/blogsaverroes.juntadeandalucia.es\/ceper-alsadif\/files\/2025\/03\/WhatsApp-Image-2025-03-01-at-11.42.17-1.jpeg\" alt=\"\" width=\"1600\" height=\"1200\" srcset=\"https:\/\/blogsaverroes.juntadeandalucia.es\/ceper-alsadif\/files\/2025\/03\/WhatsApp-Image-2025-03-01-at-11.42.17-1.jpeg 1600w, https:\/\/blogsaverroes.juntadeandalucia.es\/ceper-alsadif\/files\/2025\/03\/WhatsApp-Image-2025-03-01-at-11.42.17-1-300x225.jpeg 300w, https:\/\/blogsaverroes.juntadeandalucia.es\/ceper-alsadif\/files\/2025\/03\/WhatsApp-Image-2025-03-01-at-11.42.17-1-1024x768.jpeg 1024w, https:\/\/blogsaverroes.juntadeandalucia.es\/ceper-alsadif\/files\/2025\/03\/WhatsApp-Image-2025-03-01-at-11.42.17-1-768x576.jpeg 768w, https:\/\/blogsaverroes.juntadeandalucia.es\/ceper-alsadif\/files\/2025\/03\/WhatsApp-Image-2025-03-01-at-11.42.17-1-1536x1152.jpeg 1536w\" sizes=\"(max-width: 1600px) 100vw, 1600px\" \/><\/a><a href=\"https:\/\/blogsaverroes.juntadeandalucia.es\/ceper-alsadif\/files\/2025\/03\/WhatsApp-Image-2025-03-01-at-11.42.16.jpeg\"><img loading=\"lazy\" decoding=\"async\" class=\"alignnone size-full wp-image-3778\" src=\"https:\/\/blogsaverroes.juntadeandalucia.es\/ceper-alsadif\/files\/2025\/03\/WhatsApp-Image-2025-03-01-at-11.42.16.jpeg\" alt=\"\" width=\"1200\" height=\"1600\" srcset=\"https:\/\/blogsaverroes.juntadeandalucia.es\/ceper-alsadif\/files\/2025\/03\/WhatsApp-Image-2025-03-01-at-11.42.16.jpeg 1200w, https:\/\/blogsaverroes.juntadeandalucia.es\/ceper-alsadif\/files\/2025\/03\/WhatsApp-Image-2025-03-01-at-11.42.16-225x300.jpeg 225w, https:\/\/blogsaverroes.juntadeandalucia.es\/ceper-alsadif\/files\/2025\/03\/WhatsApp-Image-2025-03-01-at-11.42.16-768x1024.jpeg 768w, https:\/\/blogsaverroes.juntadeandalucia.es\/ceper-alsadif\/files\/2025\/03\/WhatsApp-Image-2025-03-01-at-11.42.16-1152x1536.jpeg 1152w\" sizes=\"(max-width: 1200px) 100vw, 1200px\" \/><\/a><a href=\"https:\/\/blogsaverroes.juntadeandalucia.es\/ceper-alsadif\/files\/2025\/03\/WhatsApp-Image-2025-03-01-at-11.42.16-1.jpeg\"><img loading=\"lazy\" decoding=\"async\" class=\"alignnone size-full wp-image-3777\" src=\"https:\/\/blogsaverroes.juntadeandalucia.es\/ceper-alsadif\/files\/2025\/03\/WhatsApp-Image-2025-03-01-at-11.42.16-1.jpeg\" alt=\"\" width=\"1200\" height=\"1600\" srcset=\"https:\/\/blogsaverroes.juntadeandalucia.es\/ceper-alsadif\/files\/2025\/03\/WhatsApp-Image-2025-03-01-at-11.42.16-1.jpeg 1200w, https:\/\/blogsaverroes.juntadeandalucia.es\/ceper-alsadif\/files\/2025\/03\/WhatsApp-Image-2025-03-01-at-11.42.16-1-225x300.jpeg 225w, https:\/\/blogsaverroes.juntadeandalucia.es\/ceper-alsadif\/files\/2025\/03\/WhatsApp-Image-2025-03-01-at-11.42.16-1-768x1024.jpeg 768w, https:\/\/blogsaverroes.juntadeandalucia.es\/ceper-alsadif\/files\/2025\/03\/WhatsApp-Image-2025-03-01-at-11.42.16-1-1152x1536.jpeg 1152w\" sizes=\"(max-width: 1200px) 100vw, 1200px\" \/><\/a><a href=\"https:\/\/blogsaverroes.juntadeandalucia.es\/ceper-alsadif\/files\/2025\/03\/WhatsApp-Image-2025-03-01-at-11.42.16-2.jpeg\"><img loading=\"lazy\" decoding=\"async\" class=\"alignnone size-full wp-image-3776\" src=\"https:\/\/blogsaverroes.juntadeandalucia.es\/ceper-alsadif\/files\/2025\/03\/WhatsApp-Image-2025-03-01-at-11.42.16-2.jpeg\" alt=\"\" width=\"1200\" height=\"1600\" srcset=\"https:\/\/blogsaverroes.juntadeandalucia.es\/ceper-alsadif\/files\/2025\/03\/WhatsApp-Image-2025-03-01-at-11.42.16-2.jpeg 1200w, https:\/\/blogsaverroes.juntadeandalucia.es\/ceper-alsadif\/files\/2025\/03\/WhatsApp-Image-2025-03-01-at-11.42.16-2-225x300.jpeg 225w, https:\/\/blogsaverroes.juntadeandalucia.es\/ceper-alsadif\/files\/2025\/03\/WhatsApp-Image-2025-03-01-at-11.42.16-2-768x1024.jpeg 768w, https:\/\/blogsaverroes.juntadeandalucia.es\/ceper-alsadif\/files\/2025\/03\/WhatsApp-Image-2025-03-01-at-11.42.16-2-1152x1536.jpeg 1152w\" sizes=\"(max-width: 1200px) 100vw, 1200px\" \/><\/a><a href=\"https:\/\/blogsaverroes.juntadeandalucia.es\/ceper-alsadif\/files\/2025\/03\/WhatsApp-Image-2025-03-01-at-11.42.17-2.jpeg\"><img loading=\"lazy\" decoding=\"async\" class=\"alignnone size-full wp-image-3773\" src=\"https:\/\/blogsaverroes.juntadeandalucia.es\/ceper-alsadif\/files\/2025\/03\/WhatsApp-Image-2025-03-01-at-11.42.17-2.jpeg\" alt=\"\" width=\"1200\" height=\"1600\" srcset=\"https:\/\/blogsaverroes.juntadeandalucia.es\/ceper-alsadif\/files\/2025\/03\/WhatsApp-Image-2025-03-01-at-11.42.17-2.jpeg 1200w, https:\/\/blogsaverroes.juntadeandalucia.es\/ceper-alsadif\/files\/2025\/03\/WhatsApp-Image-2025-03-01-at-11.42.17-2-225x300.jpeg 225w, https:\/\/blogsaverroes.juntadeandalucia.es\/ceper-alsadif\/files\/2025\/03\/WhatsApp-Image-2025-03-01-at-11.42.17-2-768x1024.jpeg 768w, https:\/\/blogsaverroes.juntadeandalucia.es\/ceper-alsadif\/files\/2025\/03\/WhatsApp-Image-2025-03-01-at-11.42.17-2-1152x1536.jpeg 1152w\" sizes=\"(max-width: 1200px) 100vw, 1200px\" \/><\/a><a href=\"https:\/\/blogsaverroes.juntadeandalucia.es\/ceper-alsadif\/files\/2025\/03\/WhatsApp-Image-2025-03-01-at-11.42.17-3.jpeg\"><img loading=\"lazy\" decoding=\"async\" class=\"alignnone size-full wp-image-3772\" src=\"https:\/\/blogsaverroes.juntadeandalucia.es\/ceper-alsadif\/files\/2025\/03\/WhatsApp-Image-2025-03-01-at-11.42.17-3.jpeg\" alt=\"\" width=\"1200\" height=\"1600\" srcset=\"https:\/\/blogsaverroes.juntadeandalucia.es\/ceper-alsadif\/files\/2025\/03\/WhatsApp-Image-2025-03-01-at-11.42.17-3.jpeg 1200w, https:\/\/blogsaverroes.juntadeandalucia.es\/ceper-alsadif\/files\/2025\/03\/WhatsApp-Image-2025-03-01-at-11.42.17-3-225x300.jpeg 225w, https:\/\/blogsaverroes.juntadeandalucia.es\/ceper-alsadif\/files\/2025\/03\/WhatsApp-Image-2025-03-01-at-11.42.17-3-768x1024.jpeg 768w, https:\/\/blogsaverroes.juntadeandalucia.es\/ceper-alsadif\/files\/2025\/03\/WhatsApp-Image-2025-03-01-at-11.42.17-3-1152x1536.jpeg 1152w\" sizes=\"(max-width: 1200px) 100vw, 1200px\" \/><\/a><a href=\"https:\/\/blogsaverroes.juntadeandalucia.es\/ceper-alsadif\/files\/2025\/03\/WhatsApp-Image-2025-03-01-at-11.42.13.jpeg\"><img loading=\"lazy\" decoding=\"async\" class=\"alignnone size-full wp-image-3788\" src=\"https:\/\/blogsaverroes.juntadeandalucia.es\/ceper-alsadif\/files\/2025\/03\/WhatsApp-Image-2025-03-01-at-11.42.13.jpeg\" alt=\"\" width=\"1200\" height=\"1600\" srcset=\"https:\/\/blogsaverroes.juntadeandalucia.es\/ceper-alsadif\/files\/2025\/03\/WhatsApp-Image-2025-03-01-at-11.42.13.jpeg 1200w, https:\/\/blogsaverroes.juntadeandalucia.es\/ceper-alsadif\/files\/2025\/03\/WhatsApp-Image-2025-03-01-at-11.42.13-225x300.jpeg 225w, https:\/\/blogsaverroes.juntadeandalucia.es\/ceper-alsadif\/files\/2025\/03\/WhatsApp-Image-2025-03-01-at-11.42.13-768x1024.jpeg 768w, https:\/\/blogsaverroes.juntadeandalucia.es\/ceper-alsadif\/files\/2025\/03\/WhatsApp-Image-2025-03-01-at-11.42.13-1152x1536.jpeg 1152w\" sizes=\"(max-width: 1200px) 100vw, 1200px\" \/><\/a><a href=\"https:\/\/blogsaverroes.juntadeandalucia.es\/ceper-alsadif\/files\/2025\/03\/WhatsApp-Image-2025-03-01-at-11.42.14.jpeg\"><img loading=\"lazy\" decoding=\"async\" class=\"alignnone size-full wp-image-3787\" src=\"https:\/\/blogsaverroes.juntadeandalucia.es\/ceper-alsadif\/files\/2025\/03\/WhatsApp-Image-2025-03-01-at-11.42.14.jpeg\" alt=\"\" width=\"1200\" height=\"1600\" srcset=\"https:\/\/blogsaverroes.juntadeandalucia.es\/ceper-alsadif\/files\/2025\/03\/WhatsApp-Image-2025-03-01-at-11.42.14.jpeg 1200w, https:\/\/blogsaverroes.juntadeandalucia.es\/ceper-alsadif\/files\/2025\/03\/WhatsApp-Image-2025-03-01-at-11.42.14-225x300.jpeg 225w, https:\/\/blogsaverroes.juntadeandalucia.es\/ceper-alsadif\/files\/2025\/03\/WhatsApp-Image-2025-03-01-at-11.42.14-768x1024.jpeg 768w, https:\/\/blogsaverroes.juntadeandalucia.es\/ceper-alsadif\/files\/2025\/03\/WhatsApp-Image-2025-03-01-at-11.42.14-1152x1536.jpeg 1152w\" sizes=\"(max-width: 1200px) 100vw, 1200px\" \/><\/a><a href=\"https:\/\/blogsaverroes.juntadeandalucia.es\/ceper-alsadif\/files\/2025\/03\/WhatsApp-Image-2025-03-01-at-11.42.14-1.jpeg\"><img loading=\"lazy\" decoding=\"async\" class=\"alignnone size-full wp-image-3786\" src=\"https:\/\/blogsaverroes.juntadeandalucia.es\/ceper-alsadif\/files\/2025\/03\/WhatsApp-Image-2025-03-01-at-11.42.14-1.jpeg\" alt=\"\" width=\"1200\" height=\"1600\" srcset=\"https:\/\/blogsaverroes.juntadeandalucia.es\/ceper-alsadif\/files\/2025\/03\/WhatsApp-Image-2025-03-01-at-11.42.14-1.jpeg 1200w, https:\/\/blogsaverroes.juntadeandalucia.es\/ceper-alsadif\/files\/2025\/03\/WhatsApp-Image-2025-03-01-at-11.42.14-1-225x300.jpeg 225w, https:\/\/blogsaverroes.juntadeandalucia.es\/ceper-alsadif\/files\/2025\/03\/WhatsApp-Image-2025-03-01-at-11.42.14-1-768x1024.jpeg 768w, https:\/\/blogsaverroes.juntadeandalucia.es\/ceper-alsadif\/files\/2025\/03\/WhatsApp-Image-2025-03-01-at-11.42.14-1-1152x1536.jpeg 1152w\" sizes=\"(max-width: 1200px) 100vw, 1200px\" \/><\/a><a href=\"https:\/\/blogsaverroes.juntadeandalucia.es\/ceper-alsadif\/files\/2025\/03\/WhatsApp-Image-2025-03-01-at-11.42.14-2.jpeg\"><img loading=\"lazy\" decoding=\"async\" class=\"alignnone size-full wp-image-3785\" src=\"https:\/\/blogsaverroes.juntadeandalucia.es\/ceper-alsadif\/files\/2025\/03\/WhatsApp-Image-2025-03-01-at-11.42.14-2.jpeg\" alt=\"\" width=\"1200\" height=\"1600\" srcset=\"https:\/\/blogsaverroes.juntadeandalucia.es\/ceper-alsadif\/files\/2025\/03\/WhatsApp-Image-2025-03-01-at-11.42.14-2.jpeg 1200w, https:\/\/blogsaverroes.juntadeandalucia.es\/ceper-alsadif\/files\/2025\/03\/WhatsApp-Image-2025-03-01-at-11.42.14-2-225x300.jpeg 225w, https:\/\/blogsaverroes.juntadeandalucia.es\/ceper-alsadif\/files\/2025\/03\/WhatsApp-Image-2025-03-01-at-11.42.14-2-768x1024.jpeg 768w, https:\/\/blogsaverroes.juntadeandalucia.es\/ceper-alsadif\/files\/2025\/03\/WhatsApp-Image-2025-03-01-at-11.42.14-2-1152x1536.jpeg 1152w\" sizes=\"(max-width: 1200px) 100vw, 1200px\" \/><\/a><a href=\"https:\/\/blogsaverroes.juntadeandalucia.es\/ceper-alsadif\/files\/2025\/03\/WhatsApp-Image-2025-03-01-at-11.42.14-3.jpeg\"><img loading=\"lazy\" decoding=\"async\" class=\"alignnone size-full wp-image-3784\" src=\"https:\/\/blogsaverroes.juntadeandalucia.es\/ceper-alsadif\/files\/2025\/03\/WhatsApp-Image-2025-03-01-at-11.42.14-3.jpeg\" alt=\"\" width=\"1200\" height=\"1600\" srcset=\"https:\/\/blogsaverroes.juntadeandalucia.es\/ceper-alsadif\/files\/2025\/03\/WhatsApp-Image-2025-03-01-at-11.42.14-3.jpeg 1200w, https:\/\/blogsaverroes.juntadeandalucia.es\/ceper-alsadif\/files\/2025\/03\/WhatsApp-Image-2025-03-01-at-11.42.14-3-225x300.jpeg 225w, https:\/\/blogsaverroes.juntadeandalucia.es\/ceper-alsadif\/files\/2025\/03\/WhatsApp-Image-2025-03-01-at-11.42.14-3-768x1024.jpeg 768w, https:\/\/blogsaverroes.juntadeandalucia.es\/ceper-alsadif\/files\/2025\/03\/WhatsApp-Image-2025-03-01-at-11.42.14-3-1152x1536.jpeg 1152w\" sizes=\"(max-width: 1200px) 100vw, 1200px\" \/><\/a><a href=\"https:\/\/blogsaverroes.juntadeandalucia.es\/ceper-alsadif\/files\/2025\/03\/WhatsApp-Image-2025-03-01-at-11.42.14-4.jpeg\"><img loading=\"lazy\" decoding=\"async\" class=\"alignnone size-full wp-image-3783\" src=\"https:\/\/blogsaverroes.juntadeandalucia.es\/ceper-alsadif\/files\/2025\/03\/WhatsApp-Image-2025-03-01-at-11.42.14-4.jpeg\" alt=\"\" width=\"1200\" height=\"1600\" srcset=\"https:\/\/blogsaverroes.juntadeandalucia.es\/ceper-alsadif\/files\/2025\/03\/WhatsApp-Image-2025-03-01-at-11.42.14-4.jpeg 1200w, https:\/\/blogsaverroes.juntadeandalucia.es\/ceper-alsadif\/files\/2025\/03\/WhatsApp-Image-2025-03-01-at-11.42.14-4-225x300.jpeg 225w, https:\/\/blogsaverroes.juntadeandalucia.es\/ceper-alsadif\/files\/2025\/03\/WhatsApp-Image-2025-03-01-at-11.42.14-4-768x1024.jpeg 768w, https:\/\/blogsaverroes.juntadeandalucia.es\/ceper-alsadif\/files\/2025\/03\/WhatsApp-Image-2025-03-01-at-11.42.14-4-1152x1536.jpeg 1152w\" sizes=\"(max-width: 1200px) 100vw, 1200px\" \/><\/a><a href=\"https:\/\/blogsaverroes.juntadeandalucia.es\/ceper-alsadif\/files\/2025\/03\/WhatsApp-Image-2025-03-01-at-11.42.14-5.jpeg\"><img loading=\"lazy\" decoding=\"async\" class=\"alignnone size-full wp-image-3782\" src=\"https:\/\/blogsaverroes.juntadeandalucia.es\/ceper-alsadif\/files\/2025\/03\/WhatsApp-Image-2025-03-01-at-11.42.14-5.jpeg\" alt=\"\" width=\"1200\" height=\"1600\" srcset=\"https:\/\/blogsaverroes.juntadeandalucia.es\/ceper-alsadif\/files\/2025\/03\/WhatsApp-Image-2025-03-01-at-11.42.14-5.jpeg 1200w, https:\/\/blogsaverroes.juntadeandalucia.es\/ceper-alsadif\/files\/2025\/03\/WhatsApp-Image-2025-03-01-at-11.42.14-5-225x300.jpeg 225w, https:\/\/blogsaverroes.juntadeandalucia.es\/ceper-alsadif\/files\/2025\/03\/WhatsApp-Image-2025-03-01-at-11.42.14-5-768x1024.jpeg 768w, https:\/\/blogsaverroes.juntadeandalucia.es\/ceper-alsadif\/files\/2025\/03\/WhatsApp-Image-2025-03-01-at-11.42.14-5-1152x1536.jpeg 1152w\" sizes=\"(max-width: 1200px) 100vw, 1200px\" \/><\/a><a href=\"https:\/\/blogsaverroes.juntadeandalucia.es\/ceper-alsadif\/files\/2025\/03\/WhatsApp-Image-2025-03-01-at-11.42.14-6.jpeg\"><img loading=\"lazy\" decoding=\"async\" class=\"alignnone size-full wp-image-3781\" src=\"https:\/\/blogsaverroes.juntadeandalucia.es\/ceper-alsadif\/files\/2025\/03\/WhatsApp-Image-2025-03-01-at-11.42.14-6.jpeg\" alt=\"\" width=\"1200\" height=\"1600\" srcset=\"https:\/\/blogsaverroes.juntadeandalucia.es\/ceper-alsadif\/files\/2025\/03\/WhatsApp-Image-2025-03-01-at-11.42.14-6.jpeg 1200w, https:\/\/blogsaverroes.juntadeandalucia.es\/ceper-alsadif\/files\/2025\/03\/WhatsApp-Image-2025-03-01-at-11.42.14-6-225x300.jpeg 225w, https:\/\/blogsaverroes.juntadeandalucia.es\/ceper-alsadif\/files\/2025\/03\/WhatsApp-Image-2025-03-01-at-11.42.14-6-768x1024.jpeg 768w, https:\/\/blogsaverroes.juntadeandalucia.es\/ceper-alsadif\/files\/2025\/03\/WhatsApp-Image-2025-03-01-at-11.42.14-6-1152x1536.jpeg 1152w\" sizes=\"(max-width: 1200px) 100vw, 1200px\" \/><\/a><a href=\"https:\/\/blogsaverroes.juntadeandalucia.es\/ceper-alsadif\/files\/2025\/03\/WhatsApp-Image-2025-03-01-at-11.42.15.jpeg\"><img loading=\"lazy\" decoding=\"async\" class=\"alignnone size-full wp-image-3780\" src=\"https:\/\/blogsaverroes.juntadeandalucia.es\/ceper-alsadif\/files\/2025\/03\/WhatsApp-Image-2025-03-01-at-11.42.15.jpeg\" alt=\"\" width=\"1600\" height=\"1200\" srcset=\"https:\/\/blogsaverroes.juntadeandalucia.es\/ceper-alsadif\/files\/2025\/03\/WhatsApp-Image-2025-03-01-at-11.42.15.jpeg 1600w, https:\/\/blogsaverroes.juntadeandalucia.es\/ceper-alsadif\/files\/2025\/03\/WhatsApp-Image-2025-03-01-at-11.42.15-300x225.jpeg 300w, https:\/\/blogsaverroes.juntadeandalucia.es\/ceper-alsadif\/files\/2025\/03\/WhatsApp-Image-2025-03-01-at-11.42.15-1024x768.jpeg 1024w, https:\/\/blogsaverroes.juntadeandalucia.es\/ceper-alsadif\/files\/2025\/03\/WhatsApp-Image-2025-03-01-at-11.42.15-768x576.jpeg 768w, https:\/\/blogsaverroes.juntadeandalucia.es\/ceper-alsadif\/files\/2025\/03\/WhatsApp-Image-2025-03-01-at-11.42.15-1536x1152.jpeg 1536w\" sizes=\"(max-width: 1600px) 100vw, 1600px\" \/><\/a><a href=\"https:\/\/blogsaverroes.juntadeandalucia.es\/ceper-alsadif\/files\/2025\/03\/WhatsApp-Image-2025-03-01-at-11.42.12.jpeg\"><img loading=\"lazy\" decoding=\"async\" class=\"alignnone size-full wp-image-3789 alignleft\" src=\"https:\/\/blogsaverroes.juntadeandalucia.es\/ceper-alsadif\/files\/2025\/03\/WhatsApp-Image-2025-03-01-at-11.42.12.jpeg\" alt=\"\" width=\"1600\" height=\"1200\" srcset=\"https:\/\/blogsaverroes.juntadeandalucia.es\/ceper-alsadif\/files\/2025\/03\/WhatsApp-Image-2025-03-01-at-11.42.12.jpeg 1600w, https:\/\/blogsaverroes.juntadeandalucia.es\/ceper-alsadif\/files\/2025\/03\/WhatsApp-Image-2025-03-01-at-11.42.12-300x225.jpeg 300w, https:\/\/blogsaverroes.juntadeandalucia.es\/ceper-alsadif\/files\/2025\/03\/WhatsApp-Image-2025-03-01-at-11.42.12-1024x768.jpeg 1024w, https:\/\/blogsaverroes.juntadeandalucia.es\/ceper-alsadif\/files\/2025\/03\/WhatsApp-Image-2025-03-01-at-11.42.12-768x576.jpeg 768w, https:\/\/blogsaverroes.juntadeandalucia.es\/ceper-alsadif\/files\/2025\/03\/WhatsApp-Image-2025-03-01-at-11.42.12-1536x1152.jpeg 1536w\" sizes=\"(max-width: 1600px) 100vw, 1600px\" \/><\/a><\/p>\n","protected":false},"excerpt":{"rendered":"<p>&nbsp; &nbsp; &nbsp; &nbsp;Hoy se celebra un d\u00eda emblem\u00e1tico para todos y todas, quienes somos andaluces y andaluzas, el D\u00cdA DE ANDALUC\u00cdA. &nbsp; &nbsp; &nbsp; &nbsp;La conmemoraci\u00f3n del D\u00eda de Andaluc\u00eda, el 28 de&#46;&#46;&#46;<\/p>\n","protected":false},"author":11457,"featured_media":3771,"comment_status":"closed","ping_status":"open","sticky":false,"template":"","format":"standard","meta":{"ngg_post_thumbnail":0,"footnotes":""},"categories":[2351670],"tags":[],"aioseo_notices":[],"post_mailing_queue_ids":[],"_links":{"self":[{"href":"https:\/\/blogsaverroes.juntadeandalucia.es\/ceper-alsadif\/wp-json\/wp\/v2\/posts\/3768"}],"collection":[{"href":"https:\/\/blogsaverroes.juntadeandalucia.es\/ceper-alsadif\/wp-json\/wp\/v2\/posts"}],"about":[{"href":"https:\/\/blogsaverroes.juntadeandalucia.es\/ceper-alsadif\/wp-json\/wp\/v2\/types\/post"}],"author":[{"embeddable":true,"href":"https:\/\/blogsaverroes.juntadeandalucia.es\/ceper-alsadif\/wp-json\/wp\/v2\/users\/11457"}],"replies":[{"embeddable":true,"href":"https:\/\/blogsaverroes.juntadeandalucia.es\/ceper-alsadif\/wp-json\/wp\/v2\/comments?post=3768"}],"version-history":[{"count":8,"href":"https:\/\/blogsaverroes.juntadeandalucia.es\/ceper-alsadif\/wp-json\/wp\/v2\/posts\/3768\/revisions"}],"predecessor-version":[{"id":3791,"href":"https:\/\/blogsaverroes.juntadeandalucia.es\/ceper-alsadif\/wp-json\/wp\/v2\/posts\/3768\/revisions\/3791"}],"wp:featuredmedia":[{"embeddable":true,"href":"https:\/\/blogsaverroes.juntadeandalucia.es\/ceper-alsadif\/wp-json\/wp\/v2\/media\/3771"}],"wp:attachment":[{"href":"https:\/\/blogsaverroes.juntadeandalucia.es\/ceper-alsadif\/wp-json\/wp\/v2\/media?parent=3768"}],"wp:term":[{"taxonomy":"category","embeddable":true,"href":"https:\/\/blogsaverroes.juntadeandalucia.es\/ceper-alsadif\/wp-json\/wp\/v2\/categories?post=3768"},{"taxonomy":"post_tag","embeddable":true,"href":"https:\/\/blogsaverroes.juntadeandalucia.es\/ceper-alsadif\/wp-json\/wp\/v2\/tags?post=3768"}],"curies":[{"name":"wp","href":"https:\/\/api.w.org\/{rel}","templated":true}]}}