{"id":3967,"date":"2025-05-23T22:22:34","date_gmt":"2025-05-23T20:22:34","guid":{"rendered":"https:\/\/blogsaverroes.juntadeandalucia.es\/ceper-alsadif\/?p=3967"},"modified":"2025-05-24T00:17:33","modified_gmt":"2025-05-23T22:17:33","slug":"recuerdo-23-abril-2025","status":"publish","type":"post","link":"https:\/\/blogsaverroes.juntadeandalucia.es\/ceper-alsadif\/recuerdo-23-abril-2025\/","title":{"rendered":"RECUERDO 23 ABRIL 2025"},"content":{"rendered":"<p style=\"text-align: justify\"><strong>MI MARCAP\u00c1GINAS SE LLAMA PLATERO<\/strong><\/p>\n<p style=\"text-align: justify\">&nbsp; &nbsp; &nbsp; &nbsp; &nbsp; Como recuerdo de estas jornadas del libro, el centro educativo ha regalado a todos los participantes un marcap\u00e1ginas que hace alusi\u00f3n a la obra trabajada para este efem\u00e9ride, <em>Platero y yo<\/em>. Este especial detalle busca recordar la importancia de la lectura y homenajear esta hermosa historia, adem\u00e1s de alentar a los estudiantes a seguir disfrutando de la literatura. \u00a1Un bonito recuerdo para compartir y conservar!<\/p>\n<p><a href=\"https:\/\/blogsaverroes.juntadeandalucia.es\/ceper-alsadif\/files\/2025\/05\/MARCAPAGINAS-2-1.png\"><img loading=\"lazy\" decoding=\"async\" class=\"alignnone size-full wp-image-3998\" src=\"https:\/\/blogsaverroes.juntadeandalucia.es\/ceper-alsadif\/files\/2025\/05\/MARCAPAGINAS-2-1.png\" alt=\"\" width=\"952\" height=\"1760\" srcset=\"https:\/\/blogsaverroes.juntadeandalucia.es\/ceper-alsadif\/files\/2025\/05\/MARCAPAGINAS-2-1.png 865w, https:\/\/blogsaverroes.juntadeandalucia.es\/ceper-alsadif\/files\/2025\/05\/MARCAPAGINAS-2-1-162x300.png 162w, https:\/\/blogsaverroes.juntadeandalucia.es\/ceper-alsadif\/files\/2025\/05\/MARCAPAGINAS-2-1-554x1024.png 554w, https:\/\/blogsaverroes.juntadeandalucia.es\/ceper-alsadif\/files\/2025\/05\/MARCAPAGINAS-2-1-768x1420.png 768w, https:\/\/blogsaverroes.juntadeandalucia.es\/ceper-alsadif\/files\/2025\/05\/MARCAPAGINAS-2-1-831x1536.png 831w\" sizes=\"(max-width: 952px) 100vw, 952px\" \/><\/a><\/p>\n","protected":false},"excerpt":{"rendered":"<p>MI MARCAP\u00c1GINAS SE LLAMA PLATERO &nbsp; &nbsp; &nbsp; &nbsp; &nbsp; Como recuerdo de estas jornadas del libro, el centro educativo ha regalado a todos los participantes un marcap\u00e1ginas que hace alusi\u00f3n a la obra&#46;&#46;&#46;<\/p>\n","protected":false},"author":11457,"featured_media":3968,"comment_status":"closed","ping_status":"open","sticky":false,"template":"","format":"standard","meta":{"ngg_post_thumbnail":0,"footnotes":""},"categories":[2351671],"tags":[],"aioseo_notices":[],"post_mailing_queue_ids":[],"_links":{"self":[{"href":"https:\/\/blogsaverroes.juntadeandalucia.es\/ceper-alsadif\/wp-json\/wp\/v2\/posts\/3967"}],"collection":[{"href":"https:\/\/blogsaverroes.juntadeandalucia.es\/ceper-alsadif\/wp-json\/wp\/v2\/posts"}],"about":[{"href":"https:\/\/blogsaverroes.juntadeandalucia.es\/ceper-alsadif\/wp-json\/wp\/v2\/types\/post"}],"author":[{"embeddable":true,"href":"https:\/\/blogsaverroes.juntadeandalucia.es\/ceper-alsadif\/wp-json\/wp\/v2\/users\/11457"}],"replies":[{"embeddable":true,"href":"https:\/\/blogsaverroes.juntadeandalucia.es\/ceper-alsadif\/wp-json\/wp\/v2\/comments?post=3967"}],"version-history":[{"count":4,"href":"https:\/\/blogsaverroes.juntadeandalucia.es\/ceper-alsadif\/wp-json\/wp\/v2\/posts\/3967\/revisions"}],"predecessor-version":[{"id":3997,"href":"https:\/\/blogsaverroes.juntadeandalucia.es\/ceper-alsadif\/wp-json\/wp\/v2\/posts\/3967\/revisions\/3997"}],"wp:featuredmedia":[{"embeddable":true,"href":"https:\/\/blogsaverroes.juntadeandalucia.es\/ceper-alsadif\/wp-json\/wp\/v2\/media\/3968"}],"wp:attachment":[{"href":"https:\/\/blogsaverroes.juntadeandalucia.es\/ceper-alsadif\/wp-json\/wp\/v2\/media?parent=3967"}],"wp:term":[{"taxonomy":"category","embeddable":true,"href":"https:\/\/blogsaverroes.juntadeandalucia.es\/ceper-alsadif\/wp-json\/wp\/v2\/categories?post=3967"},{"taxonomy":"post_tag","embeddable":true,"href":"https:\/\/blogsaverroes.juntadeandalucia.es\/ceper-alsadif\/wp-json\/wp\/v2\/tags?post=3967"}],"curies":[{"name":"wp","href":"https:\/\/api.w.org\/{rel}","templated":true}]}}