{"id":4133,"date":"2025-12-05T12:30:59","date_gmt":"2025-12-05T11:30:59","guid":{"rendered":"https:\/\/blogsaverroes.juntadeandalucia.es\/ceper-alsadif\/?p=4133"},"modified":"2025-12-05T12:37:12","modified_gmt":"2025-12-05T11:37:12","slug":"explorando-el-barroco-sevillano","status":"publish","type":"post","link":"https:\/\/blogsaverroes.juntadeandalucia.es\/ceper-alsadif\/explorando-el-barroco-sevillano\/","title":{"rendered":"EXPLORANDO EL BARROCO SEVILLANO&#8230;"},"content":{"rendered":"<p style=\"text-align: justify\" data-start=\"347\" data-end=\"752\">&nbsp; &nbsp; &nbsp;El pasado jueves 4 de diciembre, el alumnado del plan educativo de <em data-start=\"394\" data-end=\"425\">Patrimonio Cultural Andaluz I<\/em> realiz\u00f3 una enriquecedora excursi\u00f3n a la ciudad de Sevilla, para con ella profundizar en el arte barroco andaluz, tem\u00e1tica en el que \u00e9ste se haya inmerso durante el primer trimestre. La jornada vivi\u00f3 visitas a dos de los lugares m\u00e1s emblem\u00e1ticos del estilo barroco en la capital hispalense: la <em><strong>Iglesia de San\u202fLuis de los Franceses y el Museo de Bellas Artes de Sevilla.<\/strong><\/em><\/p>\n<p style=\"text-align: justify\" data-start=\"754\" data-end=\"1062\">&nbsp; &nbsp; &nbsp;Sevilla nos dej\u00f3 practicar y sumergirnos en el enriquecimiento y aprendizaje de la gran joya barroca de <a href=\"https:\/\/www.dipusevilla.es\/sanluisdelosfranceses\/\"><strong><em>La Iglesia de San\u202fLuis de los Franceses<\/em> <\/strong><\/a>. Su impresionante interior deslumbra con su imponente c\u00fapula y sus diecis\u00e9is columnas salom\u00f3nicas; todo ello potenciado con la abrupta ornamentaci\u00f3n de los retablos, que nos llevaron al estupor de la magia de este arte. A esta vasta exuberancia decorativa contribuyen los frescos de la c\u00fapula de <em><strong>Lucas Vald\u00e9s<\/strong><\/em>, adem\u00e1s de la pintura interior de <em><strong>Domingo Mart\u00ednez.<\/strong><\/em> La escultura y retablos, del escultor <em><strong>Pedro Duque Cornejo<\/strong><\/em>, representan relieves dorados y est\u00edpites propios del estilo.<\/p>\n<p style=\"text-align: justify\" data-start=\"1783\" data-end=\"1986\">&nbsp; &nbsp; &nbsp;Esta colecci\u00f3n art\u00edstica donde juegan entrelazadas arquitectura, pintura y escultura, convierte la visita en una experiencia que va m\u00e1s all\u00e1 de los sentidos instruyendo potencialmente en la \u00e9poca barroca y sus ideales est\u00e9ticos, sus influencias art\u00edsticas y sus conceptos religiosos.<\/p>\n<p style=\"text-align: justify\" data-start=\"1988\" data-end=\"2424\">&nbsp; &nbsp; &nbsp;Posteriormente, la visita al <em><strong>Museo de Bellas Artes de Sevilla<\/strong><\/em> irrumpi\u00f3 en el grupo de la clase con estruendo y brillantez en todos los sentidos humanos, puesto que de una sala a otra emerg\u00edan obras maestras de gigantes artistas barrocos andaluces como <em><strong>Francisco de Zurbar\u00e1n, Bartolom\u00e9 Esteban Murillo y Juan de Vald\u00e9s Leal<\/strong><\/em>, llenando de conocimiento al alumnado a trav\u00e9s de tan vasta creaci\u00f3n art\u00edstica en la Andaluc\u00eda del siglo XVII.<\/p>\n<p style=\"text-align: justify\" data-start=\"2426\" data-end=\"2752\">&nbsp; &nbsp; &nbsp;Este tipo de actividades culturales y l\u00fadicas afianzan, sin duda alguna, los contenidos trabajados en el aula, aparte de iluminar el mundo interior de cada alumna haciendo una inmersi\u00f3n en s\u00ed misma en el patrimonio cultural de nuestra tierra, Andaluc\u00eda.<\/p>\n<p style=\"text-align: justify\" data-start=\"2426\" data-end=\"2752\">&nbsp; &nbsp; &nbsp;Esta salida extraescolar esculpi\u00f3 y colore\u00f3 de frescos el conocimiento, cada vez m\u00e1s extenso, del alumnado de Patrimonio Cultural Andaluz I.&nbsp;&nbsp;<\/p>\n<p data-start=\"2426\" data-end=\"2752\">&nbsp; &nbsp; &nbsp; El siguiente v\u00eddeo evidencia la experiencia descrita.<\/p>\n<p><iframe loading=\"lazy\" title=\"Barroco en Sevilla\" width=\"500\" height=\"281\" src=\"https:\/\/www.youtube.com\/embed\/qZvrlaGpLq0?feature=oembed&#038;wmode=opaque\" frameborder=\"0\" allow=\"accelerometer; autoplay; clipboard-write; encrypted-media; gyroscope; picture-in-picture; web-share\" referrerpolicy=\"strict-origin-when-cross-origin\" allowfullscreen><\/iframe><\/p>\n<p data-start=\"2426\" data-end=\"2752\">&nbsp;<\/p>\n","protected":false},"excerpt":{"rendered":"<p>&nbsp; &nbsp; &nbsp;El pasado jueves 4 de diciembre, el alumnado del plan educativo de Patrimonio Cultural Andaluz I realiz\u00f3 una enriquecedora excursi\u00f3n a la ciudad de Sevilla, para con ella profundizar en el arte&#46;&#46;&#46;<\/p>\n","protected":false},"author":11457,"featured_media":4134,"comment_status":"closed","ping_status":"open","sticky":false,"template":"","format":"standard","meta":{"ngg_post_thumbnail":0,"footnotes":""},"categories":[2351654],"tags":[],"aioseo_notices":[],"post_mailing_queue_ids":[],"_links":{"self":[{"href":"https:\/\/blogsaverroes.juntadeandalucia.es\/ceper-alsadif\/wp-json\/wp\/v2\/posts\/4133"}],"collection":[{"href":"https:\/\/blogsaverroes.juntadeandalucia.es\/ceper-alsadif\/wp-json\/wp\/v2\/posts"}],"about":[{"href":"https:\/\/blogsaverroes.juntadeandalucia.es\/ceper-alsadif\/wp-json\/wp\/v2\/types\/post"}],"author":[{"embeddable":true,"href":"https:\/\/blogsaverroes.juntadeandalucia.es\/ceper-alsadif\/wp-json\/wp\/v2\/users\/11457"}],"replies":[{"embeddable":true,"href":"https:\/\/blogsaverroes.juntadeandalucia.es\/ceper-alsadif\/wp-json\/wp\/v2\/comments?post=4133"}],"version-history":[{"count":5,"href":"https:\/\/blogsaverroes.juntadeandalucia.es\/ceper-alsadif\/wp-json\/wp\/v2\/posts\/4133\/revisions"}],"predecessor-version":[{"id":4139,"href":"https:\/\/blogsaverroes.juntadeandalucia.es\/ceper-alsadif\/wp-json\/wp\/v2\/posts\/4133\/revisions\/4139"}],"wp:featuredmedia":[{"embeddable":true,"href":"https:\/\/blogsaverroes.juntadeandalucia.es\/ceper-alsadif\/wp-json\/wp\/v2\/media\/4134"}],"wp:attachment":[{"href":"https:\/\/blogsaverroes.juntadeandalucia.es\/ceper-alsadif\/wp-json\/wp\/v2\/media?parent=4133"}],"wp:term":[{"taxonomy":"category","embeddable":true,"href":"https:\/\/blogsaverroes.juntadeandalucia.es\/ceper-alsadif\/wp-json\/wp\/v2\/categories?post=4133"},{"taxonomy":"post_tag","embeddable":true,"href":"https:\/\/blogsaverroes.juntadeandalucia.es\/ceper-alsadif\/wp-json\/wp\/v2\/tags?post=4133"}],"curies":[{"name":"wp","href":"https:\/\/api.w.org\/{rel}","templated":true}]}}