{"id":2732,"date":"2020-12-22T08:58:54","date_gmt":"2020-12-22T08:58:54","guid":{"rendered":"https:\/\/blogsaverroes.juntadeandalucia.es\/ceperalmanjayarcartuja\/?p=2732"},"modified":"2021-01-08T09:26:40","modified_gmt":"2021-01-08T09:26:40","slug":"exposicion-de-mandalas","status":"publish","type":"post","link":"https:\/\/blogsaverroes.juntadeandalucia.es\/ceperalmanjayarcartuja\/exposicion-de-mandalas\/","title":{"rendered":"Exposici\u00f3n internacional itinerante de mandalas"},"content":{"rendered":"\t\t<div data-elementor-type=\"wp-post\" data-elementor-id=\"2732\" class=\"elementor elementor-2732\">\n\t\t\t\t\t\t<section class=\"elementor-section elementor-top-section elementor-element elementor-element-392c2cc elementor-section-boxed elementor-section-height-default elementor-section-height-default\" data-id=\"392c2cc\" data-element_type=\"section\">\n\t\t\t\t\t\t<div class=\"elementor-container elementor-column-gap-default\">\n\t\t\t\t\t<div class=\"elementor-column elementor-col-100 elementor-top-column elementor-element elementor-element-63fc430\" data-id=\"63fc430\" data-element_type=\"column\">\n\t\t\t<div class=\"elementor-widget-wrap elementor-element-populated\">\n\t\t\t\t\t\t<div class=\"elementor-element elementor-element-a4359b0 elementor-widget elementor-widget-text-editor\" data-id=\"a4359b0\" data-element_type=\"widget\" data-widget_type=\"text-editor.default\">\n\t\t\t\t<div class=\"elementor-widget-container\">\n\t\t\t\t\t\t\t\t\t<p class=\"p1\" style=\"margin-bottom: 0px;font-size: 12px;line-height: normal;font-family: Helvetica;color: #000000\">Es una exposici\u00f3n promovida por el Proyecto Living Peace para compartir el deseo de vivir en un mundo m\u00e1s unido. Han participado alumnos desde Educaci\u00f3n Infantil hasta Educaci\u00f3n Secundaria, incluso Centros de D\u00eda. El Ceper Almanj\u00e1jayar-Cartuja se une a este deseo de promover la paz en nuestras aulas.<\/p>\t\t\t\t\t\t\t\t<\/div>\n\t\t\t\t<\/div>\n\t\t\t\t<div class=\"elementor-element elementor-element-44c3163 elementor-arrows-position-inside elementor-pagination-position-outside elementor-widget elementor-widget-image-carousel\" data-id=\"44c3163\" data-element_type=\"widget\" data-settings=\"{&quot;navigation&quot;:&quot;both&quot;,&quot;autoplay&quot;:&quot;yes&quot;,&quot;pause_on_hover&quot;:&quot;yes&quot;,&quot;pause_on_interaction&quot;:&quot;yes&quot;,&quot;autoplay_speed&quot;:5000,&quot;infinite&quot;:&quot;yes&quot;,&quot;speed&quot;:500}\" data-widget_type=\"image-carousel.default\">\n\t\t\t\t<div class=\"elementor-widget-container\">\n\t\t\t\t\t\t\t<div class=\"elementor-image-carousel-wrapper swiper\" role=\"region\" aria-roledescription=\"carousel\" aria-label=\"Carrusel de im\u00e1genes\" dir=\"ltr\">\n\t\t\t<div class=\"elementor-image-carousel swiper-wrapper\" aria-live=\"off\">\n\t\t\t\t\t\t\t\t<div class=\"swiper-slide\" role=\"group\" aria-roledescription=\"slide\" aria-label=\"1 de 15\"><figure class=\"swiper-slide-inner\"><img decoding=\"async\" class=\"swiper-slide-image\" src=\"https:\/\/blogsaverroes.juntadeandalucia.es\/ceperalmanjayarcartuja\/files\/2021\/01\/exposicion-mandalas-1-1148x1536.jpeg\" alt=\"exposicion mandalas-1\" \/><\/figure><\/div><div class=\"swiper-slide\" role=\"group\" aria-roledescription=\"slide\" aria-label=\"2 de 15\"><figure class=\"swiper-slide-inner\"><img decoding=\"async\" class=\"swiper-slide-image\" src=\"https:\/\/blogsaverroes.juntadeandalucia.es\/ceperalmanjayarcartuja\/files\/2021\/01\/exposicion-mandalas-2-1148x1536.jpeg\" alt=\"exposicion mandalas-2\" \/><\/figure><\/div><div class=\"swiper-slide\" role=\"group\" aria-roledescription=\"slide\" aria-label=\"3 de 15\"><figure class=\"swiper-slide-inner\"><img decoding=\"async\" class=\"swiper-slide-image\" src=\"https:\/\/blogsaverroes.juntadeandalucia.es\/ceperalmanjayarcartuja\/files\/2021\/01\/exposicion-mandalas-3-1148x1536.jpeg\" alt=\"exposicion mandalas-3\" \/><\/figure><\/div><div class=\"swiper-slide\" role=\"group\" aria-roledescription=\"slide\" aria-label=\"4 de 15\"><figure class=\"swiper-slide-inner\"><img decoding=\"async\" class=\"swiper-slide-image\" src=\"https:\/\/blogsaverroes.juntadeandalucia.es\/ceperalmanjayarcartuja\/files\/2021\/01\/exposicion-mandalas-4-1148x1536.jpeg\" alt=\"exposicion mandalas-4\" \/><\/figure><\/div><div class=\"swiper-slide\" role=\"group\" aria-roledescription=\"slide\" aria-label=\"5 de 15\"><figure class=\"swiper-slide-inner\"><img decoding=\"async\" class=\"swiper-slide-image\" src=\"https:\/\/blogsaverroes.juntadeandalucia.es\/ceperalmanjayarcartuja\/files\/2021\/01\/exposicion-mandalas-6-1148x1536.jpeg\" alt=\"exposicion mandalas-6\" \/><\/figure><\/div><div class=\"swiper-slide\" role=\"group\" aria-roledescription=\"slide\" aria-label=\"6 de 15\"><figure class=\"swiper-slide-inner\"><img decoding=\"async\" class=\"swiper-slide-image\" src=\"https:\/\/blogsaverroes.juntadeandalucia.es\/ceperalmanjayarcartuja\/files\/2021\/01\/exposicion-mandalas-7-1149x1536.jpeg\" alt=\"exposicion mandalas-7\" \/><\/figure><\/div><div class=\"swiper-slide\" role=\"group\" aria-roledescription=\"slide\" aria-label=\"7 de 15\"><figure class=\"swiper-slide-inner\"><img decoding=\"async\" class=\"swiper-slide-image\" src=\"https:\/\/blogsaverroes.juntadeandalucia.es\/ceperalmanjayarcartuja\/files\/2021\/01\/exposicion-mandalas-8-1148x1536.jpeg\" alt=\"exposicion mandalas-8\" \/><\/figure><\/div><div class=\"swiper-slide\" role=\"group\" aria-roledescription=\"slide\" aria-label=\"8 de 15\"><figure class=\"swiper-slide-inner\"><img decoding=\"async\" class=\"swiper-slide-image\" src=\"https:\/\/blogsaverroes.juntadeandalucia.es\/ceperalmanjayarcartuja\/files\/2021\/01\/exposicion-mandalas-9-1148x1536.jpeg\" alt=\"exposicion mandalas-9\" \/><\/figure><\/div><div class=\"swiper-slide\" role=\"group\" aria-roledescription=\"slide\" aria-label=\"9 de 15\"><figure class=\"swiper-slide-inner\"><img decoding=\"async\" class=\"swiper-slide-image\" src=\"https:\/\/blogsaverroes.juntadeandalucia.es\/ceperalmanjayarcartuja\/files\/2021\/01\/exposicion-mandalas-10-1148x1536.jpeg\" alt=\"exposicion mandalas-10\" \/><\/figure><\/div><div class=\"swiper-slide\" role=\"group\" aria-roledescription=\"slide\" aria-label=\"10 de 15\"><figure class=\"swiper-slide-inner\"><img decoding=\"async\" class=\"swiper-slide-image\" src=\"https:\/\/blogsaverroes.juntadeandalucia.es\/ceperalmanjayarcartuja\/files\/2021\/01\/exposicion-mandalas-11-1148x1536.jpeg\" alt=\"exposicion mandalas-11\" \/><\/figure><\/div><div class=\"swiper-slide\" role=\"group\" aria-roledescription=\"slide\" aria-label=\"11 de 15\"><figure class=\"swiper-slide-inner\"><img decoding=\"async\" class=\"swiper-slide-image\" src=\"https:\/\/blogsaverroes.juntadeandalucia.es\/ceperalmanjayarcartuja\/files\/2021\/01\/exposicion-mandalas-13-1536x1148.jpeg\" alt=\"exposicion mandalas-13\" \/><\/figure><\/div><div class=\"swiper-slide\" role=\"group\" aria-roledescription=\"slide\" aria-label=\"12 de 15\"><figure class=\"swiper-slide-inner\"><img decoding=\"async\" class=\"swiper-slide-image\" src=\"https:\/\/blogsaverroes.juntadeandalucia.es\/ceperalmanjayarcartuja\/files\/2021\/01\/exposicion-mandalas-14-1536x1148.jpeg\" alt=\"exposicion mandalas-14\" \/><\/figure><\/div><div class=\"swiper-slide\" role=\"group\" aria-roledescription=\"slide\" aria-label=\"13 de 15\"><figure class=\"swiper-slide-inner\"><img decoding=\"async\" class=\"swiper-slide-image\" src=\"https:\/\/blogsaverroes.juntadeandalucia.es\/ceperalmanjayarcartuja\/files\/2021\/01\/exposicion-mandalas-15-1536x1148.jpeg\" alt=\"exposicion mandalas-15\" \/><\/figure><\/div><div class=\"swiper-slide\" role=\"group\" aria-roledescription=\"slide\" aria-label=\"14 de 15\"><figure class=\"swiper-slide-inner\"><img decoding=\"async\" class=\"swiper-slide-image\" src=\"https:\/\/blogsaverroes.juntadeandalucia.es\/ceperalmanjayarcartuja\/files\/2021\/01\/exposicion-mandalas-17-1536x1148.jpeg\" alt=\"exposicion mandalas-17\" \/><\/figure><\/div><div class=\"swiper-slide\" role=\"group\" aria-roledescription=\"slide\" aria-label=\"15 de 15\"><figure class=\"swiper-slide-inner\"><img decoding=\"async\" class=\"swiper-slide-image\" src=\"https:\/\/blogsaverroes.juntadeandalucia.es\/ceperalmanjayarcartuja\/files\/2021\/01\/exposicion-mandalas-12.jpg\" alt=\"exposicion mandalas-12\" \/><\/figure><\/div>\t\t\t<\/div>\n\t\t\t\t\t\t\t\t\t\t\t\t<div class=\"elementor-swiper-button elementor-swiper-button-prev\" role=\"button\" tabindex=\"0\">\n\t\t\t\t\t\t<i aria-hidden=\"true\" class=\"eicon-chevron-left\"><\/i>\t\t\t\t\t<\/div>\n\t\t\t\t\t<div class=\"elementor-swiper-button elementor-swiper-button-next\" role=\"button\" tabindex=\"0\">\n\t\t\t\t\t\t<i aria-hidden=\"true\" class=\"eicon-chevron-right\"><\/i>\t\t\t\t\t<\/div>\n\t\t\t\t\n\t\t\t\t\t\t\t\t\t<div class=\"swiper-pagination\"><\/div>\n\t\t\t\t\t\t\t\t\t<\/div>\n\t\t\t\t\t\t<\/div>\n\t\t\t\t<\/div>\n\t\t\t\t<div class=\"elementor-element elementor-element-0c4ebff elementor-widget elementor-widget-image\" data-id=\"0c4ebff\" data-element_type=\"widget\" data-widget_type=\"image.default\">\n\t\t\t\t<div class=\"elementor-widget-container\">\n\t\t\t\t\t\t\t\t\t\t\t\t\t\t\t<img fetchpriority=\"high\" decoding=\"async\" width=\"525\" height=\"525\" src=\"https:\/\/blogsaverroes.juntadeandalucia.es\/ceperalmanjayarcartuja\/files\/2020\/12\/exposicion-mandala-1024x1024.jpeg\" class=\"attachment-large size-large wp-image-2753\" alt=\"\" srcset=\"https:\/\/blogsaverroes.juntadeandalucia.es\/ceperalmanjayarcartuja\/files\/2020\/12\/exposicion-mandala-1024x1024.jpeg 1024w, https:\/\/blogsaverroes.juntadeandalucia.es\/ceperalmanjayarcartuja\/files\/2020\/12\/exposicion-mandala-300x300.jpeg 300w, https:\/\/blogsaverroes.juntadeandalucia.es\/ceperalmanjayarcartuja\/files\/2020\/12\/exposicion-mandala-150x150.jpeg 150w, https:\/\/blogsaverroes.juntadeandalucia.es\/ceperalmanjayarcartuja\/files\/2020\/12\/exposicion-mandala-768x768.jpeg 768w, https:\/\/blogsaverroes.juntadeandalucia.es\/ceperalmanjayarcartuja\/files\/2020\/12\/exposicion-mandala-100x100.jpeg 100w, https:\/\/blogsaverroes.juntadeandalucia.es\/ceperalmanjayarcartuja\/files\/2020\/12\/exposicion-mandala-1536x1536.jpeg 1536w, https:\/\/blogsaverroes.juntadeandalucia.es\/ceperalmanjayarcartuja\/files\/2020\/12\/exposicion-mandala-24x24.jpeg 24w, https:\/\/blogsaverroes.juntadeandalucia.es\/ceperalmanjayarcartuja\/files\/2020\/12\/exposicion-mandala-36x36.jpeg 36w, https:\/\/blogsaverroes.juntadeandalucia.es\/ceperalmanjayarcartuja\/files\/2020\/12\/exposicion-mandala-48x48.jpeg 48w, https:\/\/blogsaverroes.juntadeandalucia.es\/ceperalmanjayarcartuja\/files\/2020\/12\/exposicion-mandala.jpeg 1599w\" sizes=\"100vw\" \/>\t\t\t\t\t\t\t\t\t\t\t\t\t\t\t<\/div>\n\t\t\t\t<\/div>\n\t\t\t\t\t<\/div>\n\t\t<\/div>\n\t\t\t\t\t<\/div>\n\t\t<\/section>\n\t\t\t\t<\/div>\n\t\t","protected":false},"excerpt":{"rendered":"<p>Es una exposici\u00f3n promovida por el Proyecto Living Peace para compartir el deseo de vivir en un mundo m\u00e1s unido. Han participado alumnos desde Educaci\u00f3n Infantil hasta Educaci\u00f3n Secundaria, incluso Centros de D\u00eda. El Ceper Almanj\u00e1jayar-Cartuja se une a este deseo de promover la paz en nuestras aulas. Previous Next<\/p>\n","protected":false},"author":10248,"featured_media":0,"comment_status":"closed","ping_status":"open","sticky":false,"template":"","format":"standard","meta":{"ngg_post_thumbnail":0,"footnotes":""},"categories":[11909],"tags":[],"aioseo_notices":[],"_links":{"self":[{"href":"https:\/\/blogsaverroes.juntadeandalucia.es\/ceperalmanjayarcartuja\/wp-json\/wp\/v2\/posts\/2732"}],"collection":[{"href":"https:\/\/blogsaverroes.juntadeandalucia.es\/ceperalmanjayarcartuja\/wp-json\/wp\/v2\/posts"}],"about":[{"href":"https:\/\/blogsaverroes.juntadeandalucia.es\/ceperalmanjayarcartuja\/wp-json\/wp\/v2\/types\/post"}],"author":[{"embeddable":true,"href":"https:\/\/blogsaverroes.juntadeandalucia.es\/ceperalmanjayarcartuja\/wp-json\/wp\/v2\/users\/10248"}],"replies":[{"embeddable":true,"href":"https:\/\/blogsaverroes.juntadeandalucia.es\/ceperalmanjayarcartuja\/wp-json\/wp\/v2\/comments?post=2732"}],"version-history":[{"count":7,"href":"https:\/\/blogsaverroes.juntadeandalucia.es\/ceperalmanjayarcartuja\/wp-json\/wp\/v2\/posts\/2732\/revisions"}],"predecessor-version":[{"id":2755,"href":"https:\/\/blogsaverroes.juntadeandalucia.es\/ceperalmanjayarcartuja\/wp-json\/wp\/v2\/posts\/2732\/revisions\/2755"}],"wp:attachment":[{"href":"https:\/\/blogsaverroes.juntadeandalucia.es\/ceperalmanjayarcartuja\/wp-json\/wp\/v2\/media?parent=2732"}],"wp:term":[{"taxonomy":"category","embeddable":true,"href":"https:\/\/blogsaverroes.juntadeandalucia.es\/ceperalmanjayarcartuja\/wp-json\/wp\/v2\/categories?post=2732"},{"taxonomy":"post_tag","embeddable":true,"href":"https:\/\/blogsaverroes.juntadeandalucia.es\/ceperalmanjayarcartuja\/wp-json\/wp\/v2\/tags?post=2732"}],"curies":[{"name":"wp","href":"https:\/\/api.w.org\/{rel}","templated":true}]}}