{"id":2874,"date":"2021-06-24T09:23:14","date_gmt":"2021-06-24T09:23:14","guid":{"rendered":"https:\/\/blogsaverroes.juntadeandalucia.es\/ceperalmanjayarcartuja\/?p=2874"},"modified":"2021-06-24T09:47:24","modified_gmt":"2021-06-24T09:47:24","slug":"proyecto-innicia-2","status":"publish","type":"post","link":"https:\/\/blogsaverroes.juntadeandalucia.es\/ceperalmanjayarcartuja\/proyecto-innicia-2\/","title":{"rendered":"Proyecto Innicia"},"content":{"rendered":"<p><a href=\"https:\/\/blogsaverroes.juntadeandalucia.es\/ceperalmanjayarcartuja\/files\/2021\/06\/32add3d9-d0d8-431b-87e5-3739d414ce3b.jpg\"><img fetchpriority=\"high\" decoding=\"async\" class=\" wp-image-2882 aligncenter\" src=\"https:\/\/blogsaverroes.juntadeandalucia.es\/ceperalmanjayarcartuja\/files\/2021\/06\/32add3d9-d0d8-431b-87e5-3739d414ce3b-300x251.jpg\" alt=\"\" width=\"427\" height=\"358\" srcset=\"https:\/\/blogsaverroes.juntadeandalucia.es\/ceperalmanjayarcartuja\/files\/2021\/06\/32add3d9-d0d8-431b-87e5-3739d414ce3b-300x251.jpg 300w, https:\/\/blogsaverroes.juntadeandalucia.es\/ceperalmanjayarcartuja\/files\/2021\/06\/32add3d9-d0d8-431b-87e5-3739d414ce3b-1024x856.jpg 1024w, https:\/\/blogsaverroes.juntadeandalucia.es\/ceperalmanjayarcartuja\/files\/2021\/06\/32add3d9-d0d8-431b-87e5-3739d414ce3b-768x642.jpg 768w, https:\/\/blogsaverroes.juntadeandalucia.es\/ceperalmanjayarcartuja\/files\/2021\/06\/32add3d9-d0d8-431b-87e5-3739d414ce3b.jpg 1080w\" sizes=\"(max-width: 427px) 100vw, 427px\" \/><\/a>Colaboraci\u00f3n en el proyecto de creaci\u00f3n de un itinerario laboral con el alumnado del grado en Educaci\u00f3n Social (UGR) que transcurri\u00f3 en diferentes sesiones y por videoconferencia.<\/p>\n<p>Este proyecto es un plan de<em> emprendimiento solidario,<\/em> donde se le hizo una encuesta al alumnado para ver que talleres y que necesidades ten\u00edan en cuanto a la formaci\u00f3n laboral y social.<\/p>\n<p>Con esta encuesta nos dieron unas pautas para realizar este nuevo <em>proyecto Innicia<\/em> que parte de sus motivaciones y de las necesidades del alumnado.<\/p>\n<p>Con este proyecto se ha pretendido fomentar <em>la cultura emprendedora<\/em> entre las mujeres del barrio con el objeto de que se planteen la posibilidad de incorporarse al&nbsp; mercado de trabajo, a trav\u00e9s de sus propias ideas empresariales, desde un enfoque de <em>diversidad cultural y solidario<\/em>, tomando como referencia &nbsp;sus experiencias personales, profesionales y culturales.<\/p>\n<p>&nbsp;<\/p>\n<p>Enlaces:<\/p>\n<p><a href=\"https:\/\/blogsaverroes.juntadeandalucia.es\/ceperalmanjayarcartuja\/files\/2021\/06\/Proyecto-INNICCIA-20.21.doc\">Proyecto INNICCIA 20.21<\/a><\/p>\n<p><a href=\"https:\/\/blogsaverroes.juntadeandalucia.es\/ceperalmanjayarcartuja\/files\/2021\/06\/EvidenciasdelproyectoINNICIA.pdf\">Evidencias+del+proyecto+INNICIA<\/a><\/p>\n","protected":false},"excerpt":{"rendered":"<p>Colaboraci\u00f3n en el proyecto de creaci\u00f3n de un itinerario laboral con el alumnado del grado en Educaci\u00f3n Social (UGR) que transcurri\u00f3 en diferentes sesiones y por videoconferencia. Este proyecto es un plan de emprendimiento solidario, donde se le hizo una encuesta al alumnado para ver que talleres y que necesidades ten\u00edan en cuanto a la &hellip; <\/p>\n<p class=\"link-more\"><a href=\"https:\/\/blogsaverroes.juntadeandalucia.es\/ceperalmanjayarcartuja\/proyecto-innicia-2\/\" class=\"more-link\">Continuar leyendo<span class=\"screen-reader-text\"> \u00abProyecto Innicia\u00bb<\/span><\/a><\/p>\n","protected":false},"author":10248,"featured_media":0,"comment_status":"closed","ping_status":"open","sticky":false,"template":"","format":"standard","meta":{"ngg_post_thumbnail":0,"footnotes":""},"categories":[11909],"tags":[],"aioseo_notices":[],"_links":{"self":[{"href":"https:\/\/blogsaverroes.juntadeandalucia.es\/ceperalmanjayarcartuja\/wp-json\/wp\/v2\/posts\/2874"}],"collection":[{"href":"https:\/\/blogsaverroes.juntadeandalucia.es\/ceperalmanjayarcartuja\/wp-json\/wp\/v2\/posts"}],"about":[{"href":"https:\/\/blogsaverroes.juntadeandalucia.es\/ceperalmanjayarcartuja\/wp-json\/wp\/v2\/types\/post"}],"author":[{"embeddable":true,"href":"https:\/\/blogsaverroes.juntadeandalucia.es\/ceperalmanjayarcartuja\/wp-json\/wp\/v2\/users\/10248"}],"replies":[{"embeddable":true,"href":"https:\/\/blogsaverroes.juntadeandalucia.es\/ceperalmanjayarcartuja\/wp-json\/wp\/v2\/comments?post=2874"}],"version-history":[{"count":4,"href":"https:\/\/blogsaverroes.juntadeandalucia.es\/ceperalmanjayarcartuja\/wp-json\/wp\/v2\/posts\/2874\/revisions"}],"predecessor-version":[{"id":2885,"href":"https:\/\/blogsaverroes.juntadeandalucia.es\/ceperalmanjayarcartuja\/wp-json\/wp\/v2\/posts\/2874\/revisions\/2885"}],"wp:attachment":[{"href":"https:\/\/blogsaverroes.juntadeandalucia.es\/ceperalmanjayarcartuja\/wp-json\/wp\/v2\/media?parent=2874"}],"wp:term":[{"taxonomy":"category","embeddable":true,"href":"https:\/\/blogsaverroes.juntadeandalucia.es\/ceperalmanjayarcartuja\/wp-json\/wp\/v2\/categories?post=2874"},{"taxonomy":"post_tag","embeddable":true,"href":"https:\/\/blogsaverroes.juntadeandalucia.es\/ceperalmanjayarcartuja\/wp-json\/wp\/v2\/tags?post=2874"}],"curies":[{"name":"wp","href":"https:\/\/api.w.org\/{rel}","templated":true}]}}