{"id":2983,"date":"2022-03-18T11:02:27","date_gmt":"2022-03-18T11:02:27","guid":{"rendered":"https:\/\/blogsaverroes.juntadeandalucia.es\/ceperalmanjayarcartuja\/?p=2983"},"modified":"2022-03-18T11:02:27","modified_gmt":"2022-03-18T11:02:27","slug":"dia-8-de-marzo","status":"publish","type":"post","link":"https:\/\/blogsaverroes.juntadeandalucia.es\/ceperalmanjayarcartuja\/dia-8-de-marzo\/","title":{"rendered":"D\u00eda 8 de marzo"},"content":{"rendered":"<p>En el CEPer Almanj\u00e1yar-Cartuja conmemoramos el D\u00eda de la mujer con distintas actividades en cada aula de nuestro centro y con la exposici\u00f3n \u00abMujeres educando en igualdad\u00bb.<\/p>\n<p><a href=\"https:\/\/blogsaverroes.juntadeandalucia.es\/ceperalmanjayarcartuja\/files\/2022\/03\/Pintamuro.jpg\"><img fetchpriority=\"high\" decoding=\"async\" class=\"alignnone size-medium wp-image-2984\" src=\"https:\/\/blogsaverroes.juntadeandalucia.es\/ceperalmanjayarcartuja\/files\/2022\/03\/Pintamuro-300x224.jpg\" alt=\"\" width=\"300\" height=\"224\" srcset=\"https:\/\/blogsaverroes.juntadeandalucia.es\/ceperalmanjayarcartuja\/files\/2022\/03\/Pintamuro-300x224.jpg 300w, https:\/\/blogsaverroes.juntadeandalucia.es\/ceperalmanjayarcartuja\/files\/2022\/03\/Pintamuro-1024x765.jpg 1024w, https:\/\/blogsaverroes.juntadeandalucia.es\/ceperalmanjayarcartuja\/files\/2022\/03\/Pintamuro-768x574.jpg 768w, https:\/\/blogsaverroes.juntadeandalucia.es\/ceperalmanjayarcartuja\/files\/2022\/03\/Pintamuro-1536x1148.jpg 1536w, https:\/\/blogsaverroes.juntadeandalucia.es\/ceperalmanjayarcartuja\/files\/2022\/03\/Pintamuro.jpg 1600w\" sizes=\"(max-width: 300px) 100vw, 300px\" \/><\/a><a href=\"https:\/\/blogsaverroes.juntadeandalucia.es\/ceperalmanjayarcartuja\/files\/2022\/03\/diadelamujer.jpg\"><img decoding=\"async\" class=\"alignnone size-medium wp-image-2985\" src=\"https:\/\/blogsaverroes.juntadeandalucia.es\/ceperalmanjayarcartuja\/files\/2022\/03\/diadelamujer-300x225.jpg\" alt=\"\" width=\"300\" height=\"225\" srcset=\"https:\/\/blogsaverroes.juntadeandalucia.es\/ceperalmanjayarcartuja\/files\/2022\/03\/diadelamujer-300x225.jpg 300w, https:\/\/blogsaverroes.juntadeandalucia.es\/ceperalmanjayarcartuja\/files\/2022\/03\/diadelamujer-1024x768.jpg 1024w, https:\/\/blogsaverroes.juntadeandalucia.es\/ceperalmanjayarcartuja\/files\/2022\/03\/diadelamujer-768x576.jpg 768w, https:\/\/blogsaverroes.juntadeandalucia.es\/ceperalmanjayarcartuja\/files\/2022\/03\/diadelamujer-1536x1152.jpg 1536w, https:\/\/blogsaverroes.juntadeandalucia.es\/ceperalmanjayarcartuja\/files\/2022\/03\/diadelamujer.jpg 1600w\" sizes=\"(max-width: 300px) 100vw, 300px\" \/><\/a><\/p>\n","protected":false},"excerpt":{"rendered":"<p>En el CEPer Almanj\u00e1yar-Cartuja conmemoramos el D\u00eda de la mujer con distintas actividades en cada aula de nuestro centro y con la exposici\u00f3n \u00abMujeres educando en igualdad\u00bb.<\/p>\n","protected":false},"author":10248,"featured_media":0,"comment_status":"closed","ping_status":"open","sticky":false,"template":"","format":"standard","meta":{"ngg_post_thumbnail":0,"footnotes":""},"categories":[11909],"tags":[],"aioseo_notices":[],"_links":{"self":[{"href":"https:\/\/blogsaverroes.juntadeandalucia.es\/ceperalmanjayarcartuja\/wp-json\/wp\/v2\/posts\/2983"}],"collection":[{"href":"https:\/\/blogsaverroes.juntadeandalucia.es\/ceperalmanjayarcartuja\/wp-json\/wp\/v2\/posts"}],"about":[{"href":"https:\/\/blogsaverroes.juntadeandalucia.es\/ceperalmanjayarcartuja\/wp-json\/wp\/v2\/types\/post"}],"author":[{"embeddable":true,"href":"https:\/\/blogsaverroes.juntadeandalucia.es\/ceperalmanjayarcartuja\/wp-json\/wp\/v2\/users\/10248"}],"replies":[{"embeddable":true,"href":"https:\/\/blogsaverroes.juntadeandalucia.es\/ceperalmanjayarcartuja\/wp-json\/wp\/v2\/comments?post=2983"}],"version-history":[{"count":1,"href":"https:\/\/blogsaverroes.juntadeandalucia.es\/ceperalmanjayarcartuja\/wp-json\/wp\/v2\/posts\/2983\/revisions"}],"predecessor-version":[{"id":2986,"href":"https:\/\/blogsaverroes.juntadeandalucia.es\/ceperalmanjayarcartuja\/wp-json\/wp\/v2\/posts\/2983\/revisions\/2986"}],"wp:attachment":[{"href":"https:\/\/blogsaverroes.juntadeandalucia.es\/ceperalmanjayarcartuja\/wp-json\/wp\/v2\/media?parent=2983"}],"wp:term":[{"taxonomy":"category","embeddable":true,"href":"https:\/\/blogsaverroes.juntadeandalucia.es\/ceperalmanjayarcartuja\/wp-json\/wp\/v2\/categories?post=2983"},{"taxonomy":"post_tag","embeddable":true,"href":"https:\/\/blogsaverroes.juntadeandalucia.es\/ceperalmanjayarcartuja\/wp-json\/wp\/v2\/tags?post=2983"}],"curies":[{"name":"wp","href":"https:\/\/api.w.org\/{rel}","templated":true}]}}