{"id":3209,"date":"2022-11-09T17:35:31","date_gmt":"2022-11-09T17:35:31","guid":{"rendered":"https:\/\/blogsaverroes.juntadeandalucia.es\/ceperalmanjayarcartuja\/?p=3209"},"modified":"2022-11-09T17:35:31","modified_gmt":"2022-11-09T17:35:31","slug":"fundacion-francisco-ayala","status":"publish","type":"post","link":"https:\/\/blogsaverroes.juntadeandalucia.es\/ceperalmanjayarcartuja\/fundacion-francisco-ayala\/","title":{"rendered":"Fundaci\u00f3n Francisco Ayala"},"content":{"rendered":"<p>Hoy hemos visitado la fundaci\u00f3n Francisco Ayala con nuestro alumnado de Patrimonio.<\/p>\n<p>\u00abLa Fundaci\u00f3n Francisco Ayala tiene su sede en el palacete Alc\u00e1zar Genil de Granada. El edificio, declarado Bien de Inter\u00e9s Cultural, est\u00e1 compuesto por una <em>qubba<\/em> central, edificada en el siglo XIII, y dos pabellones laterales, levantados en el siglo XIX. Tambi\u00e9n forman parte del conjunto los jardines que rodean el edificio, que fue restaurado en los primeros a\u00f1os de la d\u00e9cada de 1990.\u00bb<\/p>\n<p>Fuente: <a href=\"https:\/\/www.ffayala.es\/\">https:\/\/www.ffayala.es\/<\/a><\/p>\n<p>&nbsp;<\/p>\nngg_shortcode_0_placeholder\n","protected":false},"excerpt":{"rendered":"<p>Hoy hemos visitado la fundaci\u00f3n Francisco Ayala con nuestro alumnado de Patrimonio. \u00abLa Fundaci\u00f3n Francisco Ayala tiene su sede en el palacete Alc\u00e1zar Genil de Granada. El edificio, declarado Bien de Inter\u00e9s Cultural, est\u00e1 compuesto por una qubba central, edificada en el siglo XIII, y dos pabellones laterales, levantados en el siglo XIX. Tambi\u00e9n forman &hellip; <\/p>\n<p class=\"link-more\"><a href=\"https:\/\/blogsaverroes.juntadeandalucia.es\/ceperalmanjayarcartuja\/fundacion-francisco-ayala\/\" class=\"more-link\">Continuar leyendo<span class=\"screen-reader-text\"> \u00abFundaci\u00f3n Francisco Ayala\u00bb<\/span><\/a><\/p>\n","protected":false},"author":10248,"featured_media":0,"comment_status":"closed","ping_status":"open","sticky":false,"template":"","format":"standard","meta":{"ngg_post_thumbnail":0,"footnotes":""},"categories":[11909],"tags":[],"aioseo_notices":[],"_links":{"self":[{"href":"https:\/\/blogsaverroes.juntadeandalucia.es\/ceperalmanjayarcartuja\/wp-json\/wp\/v2\/posts\/3209"}],"collection":[{"href":"https:\/\/blogsaverroes.juntadeandalucia.es\/ceperalmanjayarcartuja\/wp-json\/wp\/v2\/posts"}],"about":[{"href":"https:\/\/blogsaverroes.juntadeandalucia.es\/ceperalmanjayarcartuja\/wp-json\/wp\/v2\/types\/post"}],"author":[{"embeddable":true,"href":"https:\/\/blogsaverroes.juntadeandalucia.es\/ceperalmanjayarcartuja\/wp-json\/wp\/v2\/users\/10248"}],"replies":[{"embeddable":true,"href":"https:\/\/blogsaverroes.juntadeandalucia.es\/ceperalmanjayarcartuja\/wp-json\/wp\/v2\/comments?post=3209"}],"version-history":[{"count":2,"href":"https:\/\/blogsaverroes.juntadeandalucia.es\/ceperalmanjayarcartuja\/wp-json\/wp\/v2\/posts\/3209\/revisions"}],"predecessor-version":[{"id":3222,"href":"https:\/\/blogsaverroes.juntadeandalucia.es\/ceperalmanjayarcartuja\/wp-json\/wp\/v2\/posts\/3209\/revisions\/3222"}],"wp:attachment":[{"href":"https:\/\/blogsaverroes.juntadeandalucia.es\/ceperalmanjayarcartuja\/wp-json\/wp\/v2\/media?parent=3209"}],"wp:term":[{"taxonomy":"category","embeddable":true,"href":"https:\/\/blogsaverroes.juntadeandalucia.es\/ceperalmanjayarcartuja\/wp-json\/wp\/v2\/categories?post=3209"},{"taxonomy":"post_tag","embeddable":true,"href":"https:\/\/blogsaverroes.juntadeandalucia.es\/ceperalmanjayarcartuja\/wp-json\/wp\/v2\/tags?post=3209"}],"curies":[{"name":"wp","href":"https:\/\/api.w.org\/{rel}","templated":true}]}}