{"id":3394,"date":"2023-01-11T18:05:29","date_gmt":"2023-01-11T18:05:29","guid":{"rendered":"https:\/\/blogsaverroes.juntadeandalucia.es\/ceperalmanjayarcartuja\/?p=3394"},"modified":"2023-01-11T18:05:29","modified_gmt":"2023-01-11T18:05:29","slug":"visita-a-los-carmenes","status":"publish","type":"post","link":"https:\/\/blogsaverroes.juntadeandalucia.es\/ceperalmanjayarcartuja\/visita-a-los-carmenes\/","title":{"rendered":"VISITA A LOS C\u00c1RMENES"},"content":{"rendered":"<p>Hoy nuestro alumnado de Patrimonio Cultural y Art\u00edstico de Andaluc\u00eda han visitado el Carmen de los M\u00e1rtires y el Carmen de Pe\u00f1apartida.<\/p>\nngg_shortcode_0_placeholder\n","protected":false},"excerpt":{"rendered":"<p>Hoy nuestro alumnado de Patrimonio Cultural y Art\u00edstico de Andaluc\u00eda han visitado el Carmen de los M\u00e1rtires y el Carmen de Pe\u00f1apartida.<\/p>\n","protected":false},"author":10248,"featured_media":0,"comment_status":"closed","ping_status":"open","sticky":false,"template":"","format":"standard","meta":{"ngg_post_thumbnail":0,"footnotes":""},"categories":[11909],"tags":[],"aioseo_notices":[],"_links":{"self":[{"href":"https:\/\/blogsaverroes.juntadeandalucia.es\/ceperalmanjayarcartuja\/wp-json\/wp\/v2\/posts\/3394"}],"collection":[{"href":"https:\/\/blogsaverroes.juntadeandalucia.es\/ceperalmanjayarcartuja\/wp-json\/wp\/v2\/posts"}],"about":[{"href":"https:\/\/blogsaverroes.juntadeandalucia.es\/ceperalmanjayarcartuja\/wp-json\/wp\/v2\/types\/post"}],"author":[{"embeddable":true,"href":"https:\/\/blogsaverroes.juntadeandalucia.es\/ceperalmanjayarcartuja\/wp-json\/wp\/v2\/users\/10248"}],"replies":[{"embeddable":true,"href":"https:\/\/blogsaverroes.juntadeandalucia.es\/ceperalmanjayarcartuja\/wp-json\/wp\/v2\/comments?post=3394"}],"version-history":[{"count":1,"href":"https:\/\/blogsaverroes.juntadeandalucia.es\/ceperalmanjayarcartuja\/wp-json\/wp\/v2\/posts\/3394\/revisions"}],"predecessor-version":[{"id":3399,"href":"https:\/\/blogsaverroes.juntadeandalucia.es\/ceperalmanjayarcartuja\/wp-json\/wp\/v2\/posts\/3394\/revisions\/3399"}],"wp:attachment":[{"href":"https:\/\/blogsaverroes.juntadeandalucia.es\/ceperalmanjayarcartuja\/wp-json\/wp\/v2\/media?parent=3394"}],"wp:term":[{"taxonomy":"category","embeddable":true,"href":"https:\/\/blogsaverroes.juntadeandalucia.es\/ceperalmanjayarcartuja\/wp-json\/wp\/v2\/categories?post=3394"},{"taxonomy":"post_tag","embeddable":true,"href":"https:\/\/blogsaverroes.juntadeandalucia.es\/ceperalmanjayarcartuja\/wp-json\/wp\/v2\/tags?post=3394"}],"curies":[{"name":"wp","href":"https:\/\/api.w.org\/{rel}","templated":true}]}}