{"id":3575,"date":"2023-04-19T14:30:54","date_gmt":"2023-04-19T14:30:54","guid":{"rendered":"https:\/\/blogsaverroes.juntadeandalucia.es\/ceperalmanjayarcartuja\/?p=3575"},"modified":"2023-04-19T14:30:54","modified_gmt":"2023-04-19T14:30:54","slug":"viaje-a-ubeda-y-baeza","status":"publish","type":"post","link":"https:\/\/blogsaverroes.juntadeandalucia.es\/ceperalmanjayarcartuja\/viaje-a-ubeda-y-baeza\/","title":{"rendered":"Viaje a \u00dabeda y Baeza"},"content":{"rendered":"<p>Nuestro alumnado del CEPER Almanj\u00e1yar Cartuja visit\u00f3 el pasado 30 de mayo las maravillosas ciudades de \u00dabeda y Baeza.<\/p>\n<p>Para este trimestre estamos planeando nuevas salidas, no te las pierdas. Ven a nuestro centro.<\/p>\n<blockquote class=\"wp-embedded-content\" data-secret=\"aG83y7T67h\"><p><a href=\"https:\/\/www.ubedaybaezaturismo.com\/\">Inicio<\/a><\/p><\/blockquote>\n<p><iframe class=\"wp-embedded-content\" sandbox=\"allow-scripts\" security=\"restricted\" style=\"position: absolute; clip: rect(1px, 1px, 1px, 1px);\" title=\"\u00abInicio\u00bb \u2014 \u00dabeda y Baeza Turismo\" src=\"https:\/\/www.ubedaybaezaturismo.com\/embed\/#?secret=mtB1VrsfxB#?secret=aG83y7T67h\" data-secret=\"aG83y7T67h\" width=\"525\" height=\"296\" frameborder=\"0\" marginwidth=\"0\" marginheight=\"0\" scrolling=\"no\"><\/iframe><\/p>\n<p>&nbsp;<\/p>\nngg_shortcode_0_placeholder\n","protected":false},"excerpt":{"rendered":"<p>Nuestro alumnado del CEPER Almanj\u00e1yar Cartuja visit\u00f3 el pasado 30 de mayo las maravillosas ciudades de \u00dabeda y Baeza. Para este trimestre estamos planeando nuevas salidas, no te las pierdas. Ven a nuestro centro. Inicio &nbsp;<\/p>\n","protected":false},"author":10248,"featured_media":0,"comment_status":"closed","ping_status":"open","sticky":false,"template":"","format":"standard","meta":{"ngg_post_thumbnail":0,"footnotes":""},"categories":[11909],"tags":[],"aioseo_notices":[],"_links":{"self":[{"href":"https:\/\/blogsaverroes.juntadeandalucia.es\/ceperalmanjayarcartuja\/wp-json\/wp\/v2\/posts\/3575"}],"collection":[{"href":"https:\/\/blogsaverroes.juntadeandalucia.es\/ceperalmanjayarcartuja\/wp-json\/wp\/v2\/posts"}],"about":[{"href":"https:\/\/blogsaverroes.juntadeandalucia.es\/ceperalmanjayarcartuja\/wp-json\/wp\/v2\/types\/post"}],"author":[{"embeddable":true,"href":"https:\/\/blogsaverroes.juntadeandalucia.es\/ceperalmanjayarcartuja\/wp-json\/wp\/v2\/users\/10248"}],"replies":[{"embeddable":true,"href":"https:\/\/blogsaverroes.juntadeandalucia.es\/ceperalmanjayarcartuja\/wp-json\/wp\/v2\/comments?post=3575"}],"version-history":[{"count":1,"href":"https:\/\/blogsaverroes.juntadeandalucia.es\/ceperalmanjayarcartuja\/wp-json\/wp\/v2\/posts\/3575\/revisions"}],"predecessor-version":[{"id":3618,"href":"https:\/\/blogsaverroes.juntadeandalucia.es\/ceperalmanjayarcartuja\/wp-json\/wp\/v2\/posts\/3575\/revisions\/3618"}],"wp:attachment":[{"href":"https:\/\/blogsaverroes.juntadeandalucia.es\/ceperalmanjayarcartuja\/wp-json\/wp\/v2\/media?parent=3575"}],"wp:term":[{"taxonomy":"category","embeddable":true,"href":"https:\/\/blogsaverroes.juntadeandalucia.es\/ceperalmanjayarcartuja\/wp-json\/wp\/v2\/categories?post=3575"},{"taxonomy":"post_tag","embeddable":true,"href":"https:\/\/blogsaverroes.juntadeandalucia.es\/ceperalmanjayarcartuja\/wp-json\/wp\/v2\/tags?post=3575"}],"curies":[{"name":"wp","href":"https:\/\/api.w.org\/{rel}","templated":true}]}}