{"id":1948,"date":"2025-06-24T23:47:11","date_gmt":"2025-06-24T21:47:11","guid":{"rendered":"https:\/\/blogsaverroes.juntadeandalucia.es\/ceperamericaysecciones\/?p=1948"},"modified":"2025-06-25T00:23:13","modified_gmt":"2025-06-24T22:23:13","slug":"acto-graduacion-e-s-p-a-courso-2025","status":"publish","type":"post","link":"https:\/\/blogsaverroes.juntadeandalucia.es\/ceperamericaysecciones\/acto-graduacion-e-s-p-a-courso-2025\/","title":{"rendered":"Acto Graduaci\u00f3n E.S.P.A courso 2025"},"content":{"rendered":"<p>[et_pb_section fb_built=&#8221;1&#8243; admin_label=&#8221;About&#8221; _builder_version=&#8221;4.25.1&#8243; _module_preset=&#8221;default&#8221; overflow-x=&#8221;hidden&#8221; overflow-y=&#8221;hidden&#8221; custom_padding=&#8221;||0px|||&#8221; collapsed=&#8221;on&#8221; global_colors_info=&#8221;{}&#8221; theme_builder_area=&#8221;post_content&#8221;][et_pb_row column_structure=&#8221;1_2,1_2&#8243; _builder_version=&#8221;4.25.1&#8243; _module_preset=&#8221;default&#8221; custom_padding=&#8221;||0px|||&#8221; global_colors_info=&#8221;{}&#8221; theme_builder_area=&#8221;post_content&#8221;][et_pb_column type=&#8221;1_2&#8243; _builder_version=&#8221;4.25.1&#8243; _module_preset=&#8221;default&#8221; custom_padding=&#8221;10%||||false|false&#8221; custom_padding_tablet=&#8221;0px||||false|false&#8221; custom_padding_phone=&#8221;0px||||false|false&#8221; custom_padding_last_edited=&#8221;on|desktop&#8221; global_colors_info=&#8221;{}&#8221; theme_builder_area=&#8221;post_content&#8221;][et_pb_heading title=&#8221;Acto Graduaci\u00f3n E.S.P.A courso 2025&#8243; _builder_version=&#8221;4.24.2&#8243; _module_preset=&#8221;32786a3c-3313-4287-9885-2076750ca169&#8243; custom_margin=&#8221;-79px||||false|false&#8221; custom_padding=&#8221;48px|||||&#8221; hover_enabled=&#8221;0&#8243; global_colors_info=&#8221;{}&#8221; theme_builder_area=&#8221;post_content&#8221; sticky_enabled=&#8221;0&#8243;][\/et_pb_heading][\/et_pb_column][et_pb_column type=&#8221;1_2&#8243; _builder_version=&#8221;4.25.1&#8243; _module_preset=&#8221;default&#8221; global_colors_info=&#8221;{}&#8221; theme_builder_area=&#8221;post_content&#8221;][et_pb_image src=&#8221;https:\/\/blogsaverroes.juntadeandalucia.es\/ceperamericaysecciones\/files\/2025\/06\/IMG_5110-scaled.jpg&#8221; title_text=&#8221;IMG_5110&#8243; _builder_version=&#8221;4.24.2&#8243; _module_preset=&#8221;default&#8221; custom_margin=&#8221;|-30%|||false|false&#8221; custom_margin_tablet=&#8221;|0vw|||false|false&#8221; custom_margin_phone=&#8221;|0vw|||false|false&#8221; custom_margin_last_edited=&#8221;on|tablet&#8221; scroll_vertical_motion_enable=&#8221;on&#8221; scroll_vertical_motion=&#8221;0|50|50|100|1|0|-1&#8243; hover_enabled=&#8221;0&#8243; global_colors_info=&#8221;{}&#8221; theme_builder_area=&#8221;post_content&#8221; sticky_enabled=&#8221;0&#8243;][\/et_pb_image][\/et_pb_column][\/et_pb_row][et_pb_row _builder_version=&#8221;4.24.2&#8243; _module_preset=&#8221;default&#8221; width=&#8221;90%&#8221; max_width=&#8221;1409px&#8221; global_colors_info=&#8221;{}&#8221; theme_builder_area=&#8221;post_content&#8221;][et_pb_column type=&#8221;4_4&#8243; _builder_version=&#8221;4.24.2&#8243; _module_preset=&#8221;default&#8221; global_colors_info=&#8221;{}&#8221; theme_builder_area=&#8221;post_content&#8221;][et_pb_text _builder_version=&#8221;4.24.2&#8243; _module_preset=&#8221;default&#8221; hover_enabled=&#8221;0&#8243; global_colors_info=&#8221;{}&#8221; theme_builder_area=&#8221;post_content&#8221; sticky_enabled=&#8221;0&#8243;]<\/p>\n<p style=\"text-align: center\" data-start=\"227\" data-end=\"528\"><span style=\"font-size: 18pt\"><strong>EL 24 de junio vivimos una tarde cargada de emoci\u00f3n, orgullo y muchas sonrisas en el Acto de Graduaci\u00f3n del alumnado de E.S.P.A.<\/strong><\/span><br data-start=\"349\" data-end=\"352\" \/><span style=\"font-size: 18pt\"><strong>Celebramos no solo la finalizaci\u00f3n de un curso, sino tambi\u00e9n la valent\u00eda, la constancia y el esfuerzo de quienes han demostrado que nunca es tarde para aprender y avanzar. \ud83d\ude4c\ud83d\udcda<\/strong><\/span><\/p>\n<p style=\"text-align: center\" data-start=\"530\" data-end=\"674\"><span style=\"font-size: 18pt\"><strong>Queremos agradecer a todas las personas que nos acompa\u00f1aron, al profesorado, al alumnado y a quienes hicieron posible este hermoso encuentro. \ud83d\udc90<\/strong><\/span><\/p>\n<p style=\"text-align: center\" data-start=\"676\" data-end=\"807\"><span style=\"font-size: 18pt\"><strong>\u00a1Felicidades a cada graduado y graduada!<\/strong><\/span><br data-start=\"716\" data-end=\"719\" \/><span style=\"font-size: 18pt\"><strong>Llev\u00e1is con vosotros no solo un diploma, sino una historia de superaci\u00f3n que inspira. \u2764\ufe0f<\/strong><\/span><\/p>\n<p>[\/et_pb_text][\/et_pb_column][\/et_pb_row][\/et_pb_section][et_pb_section fb_built=&#8221;1&#8243; admin_label=&#8221;Speakers&#8221; _builder_version=&#8221;4.25.1&#8243; _module_preset=&#8221;default&#8221; collapsed=&#8221;on&#8221; global_colors_info=&#8221;{}&#8221; theme_builder_area=&#8221;post_content&#8221;][et_pb_row use_custom_gutter=&#8221;on&#8221; make_equal=&#8221;on&#8221; _builder_version=&#8221;4.24.2&#8243; _module_preset=&#8221;default&#8221; animation_style=&#8221;zoom&#8221; hover_enabled=&#8221;0&#8243; global_colors_info=&#8221;{}&#8221; theme_builder_area=&#8221;post_content&#8221; sticky_enabled=&#8221;0&#8243;][et_pb_column type=&#8221;4_4&#8243; _builder_version=&#8221;4.24.2&#8243; _module_preset=&#8221;default&#8221; hover_enabled=&#8221;0&#8243; global_colors_info=&#8221;{}&#8221; theme_builder_area=&#8221;post_content&#8221; sticky_enabled=&#8221;0&#8243;][et_pb_gallery gallery_ids=&#8221;1953,1954,1955,1952&#8243; show_title_and_caption=&#8221;off&#8221; _builder_version=&#8221;4.24.2&#8243; _module_preset=&#8221;default&#8221; hover_enabled=&#8221;0&#8243; global_colors_info=&#8221;{}&#8221; theme_builder_area=&#8221;post_content&#8221; sticky_enabled=&#8221;0&#8243;][\/et_pb_gallery][\/et_pb_column][\/et_pb_row][\/et_pb_section]<\/p>\n","protected":false},"excerpt":{"rendered":"<p>EL 24 de junio vivimos una tarde cargada de emoci\u00f3n, orgullo y muchas sonrisas en el Acto de Graduaci\u00f3n del alumnado de E.S.P.A.Celebramos no solo la finalizaci\u00f3n de un curso, sino tambi\u00e9n la valent\u00eda, la constancia y el esfuerzo de quienes han demostrado que nunca es tarde para aprender y avanzar. \ud83d\ude4c\ud83d\udcda Queremos agradecer a [&hellip;]<\/p>\n","protected":false},"author":16847,"featured_media":1950,"comment_status":"open","ping_status":"open","sticky":false,"template":"","format":"standard","meta":{"_et_pb_use_builder":"on","_et_pb_old_content":"","_et_gb_content_width":"","ngg_post_thumbnail":0,"footnotes":""},"categories":[25,1],"tags":[],"aioseo_notices":[],"_links":{"self":[{"href":"https:\/\/blogsaverroes.juntadeandalucia.es\/ceperamericaysecciones\/wp-json\/wp\/v2\/posts\/1948"}],"collection":[{"href":"https:\/\/blogsaverroes.juntadeandalucia.es\/ceperamericaysecciones\/wp-json\/wp\/v2\/posts"}],"about":[{"href":"https:\/\/blogsaverroes.juntadeandalucia.es\/ceperamericaysecciones\/wp-json\/wp\/v2\/types\/post"}],"author":[{"embeddable":true,"href":"https:\/\/blogsaverroes.juntadeandalucia.es\/ceperamericaysecciones\/wp-json\/wp\/v2\/users\/16847"}],"replies":[{"embeddable":true,"href":"https:\/\/blogsaverroes.juntadeandalucia.es\/ceperamericaysecciones\/wp-json\/wp\/v2\/comments?post=1948"}],"version-history":[{"count":2,"href":"https:\/\/blogsaverroes.juntadeandalucia.es\/ceperamericaysecciones\/wp-json\/wp\/v2\/posts\/1948\/revisions"}],"predecessor-version":[{"id":1956,"href":"https:\/\/blogsaverroes.juntadeandalucia.es\/ceperamericaysecciones\/wp-json\/wp\/v2\/posts\/1948\/revisions\/1956"}],"wp:featuredmedia":[{"embeddable":true,"href":"https:\/\/blogsaverroes.juntadeandalucia.es\/ceperamericaysecciones\/wp-json\/wp\/v2\/media\/1950"}],"wp:attachment":[{"href":"https:\/\/blogsaverroes.juntadeandalucia.es\/ceperamericaysecciones\/wp-json\/wp\/v2\/media?parent=1948"}],"wp:term":[{"taxonomy":"category","embeddable":true,"href":"https:\/\/blogsaverroes.juntadeandalucia.es\/ceperamericaysecciones\/wp-json\/wp\/v2\/categories?post=1948"},{"taxonomy":"post_tag","embeddable":true,"href":"https:\/\/blogsaverroes.juntadeandalucia.es\/ceperamericaysecciones\/wp-json\/wp\/v2\/tags?post=1948"}],"curies":[{"name":"wp","href":"https:\/\/api.w.org\/{rel}","templated":true}]}}