{"id":3537,"date":"2021-02-05T18:13:38","date_gmt":"2021-02-05T18:13:38","guid":{"rendered":"https:\/\/blogsaverroes.juntadeandalucia.es\/ceperclaracampoamor\/?p=3537"},"modified":"2021-02-05T18:13:38","modified_gmt":"2021-02-05T18:13:38","slug":"dia-escolar-de-la-no-violencia-y-paz","status":"publish","type":"post","link":"https:\/\/blogsaverroes.juntadeandalucia.es\/ceperclaracampoamor\/?p=3537","title":{"rendered":"D\u00cdA ESCOLAR DE LA NO VIOLENCIA Y PAZ"},"content":{"rendered":"<p>El pasado s\u00e1bado 30 de Enero y como viene siendo habitual se celebr\u00f3 el D\u00eda Escolar de la No Violencia y Paz.<\/p>\n<p>Si quieres conocer mas detalles de como celebramos este d\u00eda en el CEPER Clara Campoamor entra y conoce nuestro blog <a href=\"https:\/\/ceperclaracampoamor.blogspot.com\/2021\/02\/dia-escolar-de-la-no-violencia-y-paz.html?m=1\">\u00abManos de Campoamor\u00bb<\/a><\/p>\n<p><a href=\"https:\/\/ceperclaracampoamor.blogspot.com\/2021\/02\/dia-escolar-de-la-no-violencia-y-paz.html?m=1\"><img loading=\"lazy\" decoding=\"async\" class=\"aligncenter size-medium wp-image-3538\" src=\"https:\/\/blogsaverroes.juntadeandalucia.es\/ceperclaracampoamor\/files\/2021\/02\/blog-e1612548781893-300x210.jpg\" alt=\"\" width=\"300\" height=\"210\" srcset=\"https:\/\/blogsaverroes.juntadeandalucia.es\/ceperclaracampoamor\/files\/2021\/02\/blog-e1612548781893-300x210.jpg 300w, https:\/\/blogsaverroes.juntadeandalucia.es\/ceperclaracampoamor\/files\/2021\/02\/blog-e1612548781893.jpg 331w\" sizes=\"(max-width: 300px) 100vw, 300px\" \/><\/a><\/p>\n","protected":false},"excerpt":{"rendered":"<p>El pasado s\u00e1bado 30 de Enero y como viene siendo habitual se celebr\u00f3 el D\u00eda Escolar de la No Violencia y Paz. Si quieres conocer mas detalles de como celebramos este d\u00eda en el CEPER Clara Campoamor entra y conoce nuestro blog \u00abManos de Campoamor\u00bb<\/p>\n","protected":false},"author":11082,"featured_media":0,"comment_status":"open","ping_status":"open","sticky":false,"template":"","format":"standard","meta":{"ngg_post_thumbnail":0,"footnotes":""},"categories":[11909],"tags":[],"aioseo_notices":[],"_links":{"self":[{"href":"https:\/\/blogsaverroes.juntadeandalucia.es\/ceperclaracampoamor\/index.php?rest_route=\/wp\/v2\/posts\/3537"}],"collection":[{"href":"https:\/\/blogsaverroes.juntadeandalucia.es\/ceperclaracampoamor\/index.php?rest_route=\/wp\/v2\/posts"}],"about":[{"href":"https:\/\/blogsaverroes.juntadeandalucia.es\/ceperclaracampoamor\/index.php?rest_route=\/wp\/v2\/types\/post"}],"author":[{"embeddable":true,"href":"https:\/\/blogsaverroes.juntadeandalucia.es\/ceperclaracampoamor\/index.php?rest_route=\/wp\/v2\/users\/11082"}],"replies":[{"embeddable":true,"href":"https:\/\/blogsaverroes.juntadeandalucia.es\/ceperclaracampoamor\/index.php?rest_route=%2Fwp%2Fv2%2Fcomments&post=3537"}],"version-history":[{"count":1,"href":"https:\/\/blogsaverroes.juntadeandalucia.es\/ceperclaracampoamor\/index.php?rest_route=\/wp\/v2\/posts\/3537\/revisions"}],"predecessor-version":[{"id":3539,"href":"https:\/\/blogsaverroes.juntadeandalucia.es\/ceperclaracampoamor\/index.php?rest_route=\/wp\/v2\/posts\/3537\/revisions\/3539"}],"wp:attachment":[{"href":"https:\/\/blogsaverroes.juntadeandalucia.es\/ceperclaracampoamor\/index.php?rest_route=%2Fwp%2Fv2%2Fmedia&parent=3537"}],"wp:term":[{"taxonomy":"category","embeddable":true,"href":"https:\/\/blogsaverroes.juntadeandalucia.es\/ceperclaracampoamor\/index.php?rest_route=%2Fwp%2Fv2%2Fcategories&post=3537"},{"taxonomy":"post_tag","embeddable":true,"href":"https:\/\/blogsaverroes.juntadeandalucia.es\/ceperclaracampoamor\/index.php?rest_route=%2Fwp%2Fv2%2Ftags&post=3537"}],"curies":[{"name":"wp","href":"https:\/\/api.w.org\/{rel}","templated":true}]}}