{"id":5680,"date":"2022-06-16T10:58:00","date_gmt":"2022-06-16T10:58:00","guid":{"rendered":"https:\/\/blogsaverroes.juntadeandalucia.es\/ceperclaracampoamor\/?p=5680"},"modified":"2022-06-16T10:58:00","modified_gmt":"2022-06-16T10:58:00","slug":"charla-confemac-confederacion-estatal-de-mayores-activos","status":"publish","type":"post","link":"https:\/\/blogsaverroes.juntadeandalucia.es\/ceperclaracampoamor\/?p=5680","title":{"rendered":"Charla Confemac (Confederaci\u00f3n estatal de mayores activos )"},"content":{"rendered":"<p>Tambi\u00e9n en Abril, el d\u00eda 26,&nbsp; tuvo lugar en nuestras instalaciones una charla por parte de Confemac<\/p>\n<p>( Confederac\u00edon estatal de mayores activos) que cont\u00f3 con una gran acogida por parte de nuestros mayores.<\/p>\n<p><a href=\"https:\/\/blogsaverroes.juntadeandalucia.es\/ceperclaracampoamor\/files\/2022\/06\/Cartel-CEPER-Clara-Campoamor.pdf\">Cartel CEPER Clara Campoamor<\/a><\/p>\n<p><a href=\"https:\/\/blogsaverroes.juntadeandalucia.es\/ceperclaracampoamor\/files\/2022\/06\/1655204760730.jpg\"><img loading=\"lazy\" decoding=\"async\" class=\"alignnone size-medium wp-image-5682\" src=\"https:\/\/blogsaverroes.juntadeandalucia.es\/ceperclaracampoamor\/files\/2022\/06\/1655204760730-300x169.jpg\" alt=\"\" width=\"300\" height=\"169\" srcset=\"https:\/\/blogsaverroes.juntadeandalucia.es\/ceperclaracampoamor\/files\/2022\/06\/1655204760730-300x169.jpg 300w, https:\/\/blogsaverroes.juntadeandalucia.es\/ceperclaracampoamor\/files\/2022\/06\/1655204760730-1024x576.jpg 1024w, https:\/\/blogsaverroes.juntadeandalucia.es\/ceperclaracampoamor\/files\/2022\/06\/1655204760730-768x432.jpg 768w, https:\/\/blogsaverroes.juntadeandalucia.es\/ceperclaracampoamor\/files\/2022\/06\/1655204760730-1536x864.jpg 1536w, https:\/\/blogsaverroes.juntadeandalucia.es\/ceperclaracampoamor\/files\/2022\/06\/1655204760730.jpg 1600w\" sizes=\"(max-width: 300px) 100vw, 300px\" \/><\/a> <a href=\"https:\/\/blogsaverroes.juntadeandalucia.es\/ceperclaracampoamor\/files\/2022\/06\/1655204760752.jpg\"><img loading=\"lazy\" decoding=\"async\" class=\"alignnone size-medium wp-image-5683\" src=\"https:\/\/blogsaverroes.juntadeandalucia.es\/ceperclaracampoamor\/files\/2022\/06\/1655204760752-300x169.jpg\" alt=\"\" width=\"300\" height=\"169\" srcset=\"https:\/\/blogsaverroes.juntadeandalucia.es\/ceperclaracampoamor\/files\/2022\/06\/1655204760752-300x169.jpg 300w, https:\/\/blogsaverroes.juntadeandalucia.es\/ceperclaracampoamor\/files\/2022\/06\/1655204760752-1024x576.jpg 1024w, https:\/\/blogsaverroes.juntadeandalucia.es\/ceperclaracampoamor\/files\/2022\/06\/1655204760752-768x432.jpg 768w, https:\/\/blogsaverroes.juntadeandalucia.es\/ceperclaracampoamor\/files\/2022\/06\/1655204760752-1536x864.jpg 1536w, https:\/\/blogsaverroes.juntadeandalucia.es\/ceperclaracampoamor\/files\/2022\/06\/1655204760752.jpg 1600w\" sizes=\"(max-width: 300px) 100vw, 300px\" \/><\/a> <a href=\"https:\/\/blogsaverroes.juntadeandalucia.es\/ceperclaracampoamor\/files\/2022\/06\/1655204760777.jpg\"><img loading=\"lazy\" decoding=\"async\" class=\"alignnone size-medium wp-image-5684\" src=\"https:\/\/blogsaverroes.juntadeandalucia.es\/ceperclaracampoamor\/files\/2022\/06\/1655204760777-300x169.jpg\" alt=\"\" width=\"300\" height=\"169\" srcset=\"https:\/\/blogsaverroes.juntadeandalucia.es\/ceperclaracampoamor\/files\/2022\/06\/1655204760777-300x169.jpg 300w, https:\/\/blogsaverroes.juntadeandalucia.es\/ceperclaracampoamor\/files\/2022\/06\/1655204760777-1024x576.jpg 1024w, https:\/\/blogsaverroes.juntadeandalucia.es\/ceperclaracampoamor\/files\/2022\/06\/1655204760777-768x432.jpg 768w, https:\/\/blogsaverroes.juntadeandalucia.es\/ceperclaracampoamor\/files\/2022\/06\/1655204760777-1536x864.jpg 1536w, https:\/\/blogsaverroes.juntadeandalucia.es\/ceperclaracampoamor\/files\/2022\/06\/1655204760777.jpg 1600w\" sizes=\"(max-width: 300px) 100vw, 300px\" \/><\/a><\/p>\n","protected":false},"excerpt":{"rendered":"<p>Tambi\u00e9n en Abril, el d\u00eda 26,&nbsp; tuvo lugar en nuestras instalaciones una charla por parte de Confemac ( Confederac\u00edon estatal de mayores activos) que cont\u00f3 con una gran acogida por parte de nuestros mayores. Cartel CEPER Clara Campoamor<\/p>\n","protected":false},"author":11823,"featured_media":0,"comment_status":"open","ping_status":"open","sticky":false,"template":"","format":"standard","meta":{"ngg_post_thumbnail":0,"footnotes":""},"categories":[11909],"tags":[],"aioseo_notices":[],"_links":{"self":[{"href":"https:\/\/blogsaverroes.juntadeandalucia.es\/ceperclaracampoamor\/index.php?rest_route=\/wp\/v2\/posts\/5680"}],"collection":[{"href":"https:\/\/blogsaverroes.juntadeandalucia.es\/ceperclaracampoamor\/index.php?rest_route=\/wp\/v2\/posts"}],"about":[{"href":"https:\/\/blogsaverroes.juntadeandalucia.es\/ceperclaracampoamor\/index.php?rest_route=\/wp\/v2\/types\/post"}],"author":[{"embeddable":true,"href":"https:\/\/blogsaverroes.juntadeandalucia.es\/ceperclaracampoamor\/index.php?rest_route=\/wp\/v2\/users\/11823"}],"replies":[{"embeddable":true,"href":"https:\/\/blogsaverroes.juntadeandalucia.es\/ceperclaracampoamor\/index.php?rest_route=%2Fwp%2Fv2%2Fcomments&post=5680"}],"version-history":[{"count":1,"href":"https:\/\/blogsaverroes.juntadeandalucia.es\/ceperclaracampoamor\/index.php?rest_route=\/wp\/v2\/posts\/5680\/revisions"}],"predecessor-version":[{"id":5685,"href":"https:\/\/blogsaverroes.juntadeandalucia.es\/ceperclaracampoamor\/index.php?rest_route=\/wp\/v2\/posts\/5680\/revisions\/5685"}],"wp:attachment":[{"href":"https:\/\/blogsaverroes.juntadeandalucia.es\/ceperclaracampoamor\/index.php?rest_route=%2Fwp%2Fv2%2Fmedia&parent=5680"}],"wp:term":[{"taxonomy":"category","embeddable":true,"href":"https:\/\/blogsaverroes.juntadeandalucia.es\/ceperclaracampoamor\/index.php?rest_route=%2Fwp%2Fv2%2Fcategories&post=5680"},{"taxonomy":"post_tag","embeddable":true,"href":"https:\/\/blogsaverroes.juntadeandalucia.es\/ceperclaracampoamor\/index.php?rest_route=%2Fwp%2Fv2%2Ftags&post=5680"}],"curies":[{"name":"wp","href":"https:\/\/api.w.org\/{rel}","templated":true}]}}