{"id":7005,"date":"2025-02-11T13:30:46","date_gmt":"2025-02-11T12:30:46","guid":{"rendered":"https:\/\/blogsaverroes.juntadeandalucia.es\/ceperclaracampoamor\/?p=7005"},"modified":"2025-04-11T12:29:37","modified_gmt":"2025-04-11T10:29:37","slug":"sep-la-puebla-de-cazalla-dia-del-flamenco-curso-2024-25","status":"publish","type":"post","link":"https:\/\/blogsaverroes.juntadeandalucia.es\/ceperclaracampoamor\/?p=7005","title":{"rendered":"D\u00eda del Flamenco (16N) -Curso 2024\/25- S.E.P. La Puebla de Cazalla"},"content":{"rendered":"<p>Nuestro centro celebr\u00f3 el 16 de noviembre &nbsp;el d\u00eda Internacional del flamenco ya que la UNESCO declaraba este d\u00eda en el a\u00f1o 2010 oficialmente al flamenco Patrimonio Cultural Inmaterial de la Humanidad.<\/p>\n<p>Se trabajaron los diferentes palos del flamenco con la ayuda de esta unidad:<a href=\"https:\/\/edea.juntadeandalucia.es\/bancorecursos\/items\/3ffc34b2-be19-45e9-ad30-e76a5348cc66\/1\/?attachment.uuid=9541271e-c7f7-4f8b-b77d-bdccd2dadd6a\"> pincha aqu\u00ed.<\/a><\/p>\n<p><iframe loading=\"lazy\" src=\"\/\/www.youtube.com\/embed\/s9M0DAludr8?si=SZFOKHhJiEkadRTk\" width=\"560\" height=\"315\" frameborder=\"0\"><\/iframe><\/p>\n<p>&nbsp;<\/p>\n","protected":false},"excerpt":{"rendered":"<p>Nuestro centro celebr\u00f3 el 16 de noviembre &nbsp;el d\u00eda Internacional del flamenco ya que la UNESCO declaraba este d\u00eda en el a\u00f1o 2010 oficialmente al flamenco Patrimonio Cultural Inmaterial de la Humanidad. Se trabajaron los diferentes palos del flamenco con la ayuda de esta unidad: pincha aqu\u00ed. &nbsp;<\/p>\n","protected":false},"author":16052,"featured_media":0,"comment_status":"closed","ping_status":"open","sticky":false,"template":"","format":"standard","meta":{"ngg_post_thumbnail":0,"footnotes":""},"categories":[2351709],"tags":[],"aioseo_notices":[],"_links":{"self":[{"href":"https:\/\/blogsaverroes.juntadeandalucia.es\/ceperclaracampoamor\/index.php?rest_route=\/wp\/v2\/posts\/7005"}],"collection":[{"href":"https:\/\/blogsaverroes.juntadeandalucia.es\/ceperclaracampoamor\/index.php?rest_route=\/wp\/v2\/posts"}],"about":[{"href":"https:\/\/blogsaverroes.juntadeandalucia.es\/ceperclaracampoamor\/index.php?rest_route=\/wp\/v2\/types\/post"}],"author":[{"embeddable":true,"href":"https:\/\/blogsaverroes.juntadeandalucia.es\/ceperclaracampoamor\/index.php?rest_route=\/wp\/v2\/users\/16052"}],"replies":[{"embeddable":true,"href":"https:\/\/blogsaverroes.juntadeandalucia.es\/ceperclaracampoamor\/index.php?rest_route=%2Fwp%2Fv2%2Fcomments&post=7005"}],"version-history":[{"count":3,"href":"https:\/\/blogsaverroes.juntadeandalucia.es\/ceperclaracampoamor\/index.php?rest_route=\/wp\/v2\/posts\/7005\/revisions"}],"predecessor-version":[{"id":7398,"href":"https:\/\/blogsaverroes.juntadeandalucia.es\/ceperclaracampoamor\/index.php?rest_route=\/wp\/v2\/posts\/7005\/revisions\/7398"}],"wp:attachment":[{"href":"https:\/\/blogsaverroes.juntadeandalucia.es\/ceperclaracampoamor\/index.php?rest_route=%2Fwp%2Fv2%2Fmedia&parent=7005"}],"wp:term":[{"taxonomy":"category","embeddable":true,"href":"https:\/\/blogsaverroes.juntadeandalucia.es\/ceperclaracampoamor\/index.php?rest_route=%2Fwp%2Fv2%2Fcategories&post=7005"},{"taxonomy":"post_tag","embeddable":true,"href":"https:\/\/blogsaverroes.juntadeandalucia.es\/ceperclaracampoamor\/index.php?rest_route=%2Fwp%2Fv2%2Ftags&post=7005"}],"curies":[{"name":"wp","href":"https:\/\/api.w.org\/{rel}","templated":true}]}}