{"id":7384,"date":"2025-04-11T12:12:36","date_gmt":"2025-04-11T10:12:36","guid":{"rendered":"https:\/\/blogsaverroes.juntadeandalucia.es\/ceperclaracampoamor\/?p=7384"},"modified":"2025-04-11T12:13:16","modified_gmt":"2025-04-11T10:13:16","slug":"dia-intarnacional-contra-la-violencia-de-genero-25n-s-e-p-martin-de-la-jara","status":"publish","type":"post","link":"https:\/\/blogsaverroes.juntadeandalucia.es\/ceperclaracampoamor\/?p=7384","title":{"rendered":"D\u00eda Internacional contra la Violencia de G\u00e9nero (25N) S.E.P. Mart\u00edn de la Jara"},"content":{"rendered":"<p>Durante la semana de 25 al 29 de Noviembre en la S.E.P. \u00abMart\u00edn de la Jara\u00bb se estuvo realizando actividades y actos relacionados con el D\u00eda Internacional contra la Violencia de G\u00e9nero.<\/p>\n<p style=\"text-align: center\"><strong>(Curso 2024-2025) <\/strong><\/p>\n<p><a href=\"https:\/\/blogsaverroes.juntadeandalucia.es\/ceperclaracampoamor\/files\/2025\/01\/Violencia.jpg\"><img loading=\"lazy\" decoding=\"async\" class=\"alignnone size-medium wp-image-6640\" src=\"https:\/\/blogsaverroes.juntadeandalucia.es\/ceperclaracampoamor\/files\/2025\/01\/Violencia-300x135.jpg\" alt=\"\" width=\"300\" height=\"135\" srcset=\"https:\/\/blogsaverroes.juntadeandalucia.es\/ceperclaracampoamor\/files\/2025\/01\/Violencia-300x135.jpg 300w, https:\/\/blogsaverroes.juntadeandalucia.es\/ceperclaracampoamor\/files\/2025\/01\/Violencia-1024x462.jpg 1024w, https:\/\/blogsaverroes.juntadeandalucia.es\/ceperclaracampoamor\/files\/2025\/01\/Violencia-768x346.jpg 768w, https:\/\/blogsaverroes.juntadeandalucia.es\/ceperclaracampoamor\/files\/2025\/01\/Violencia-1536x692.jpg 1536w, https:\/\/blogsaverroes.juntadeandalucia.es\/ceperclaracampoamor\/files\/2025\/01\/Violencia-2048x923.jpg 2048w, https:\/\/blogsaverroes.juntadeandalucia.es\/ceperclaracampoamor\/files\/2025\/01\/Violencia.jpg 1600w\" sizes=\"(max-width: 300px) 100vw, 300px\" \/><\/a> <a href=\"https:\/\/blogsaverroes.juntadeandalucia.es\/ceperclaracampoamor\/files\/2025\/01\/Violencia-1.jpg\"><img loading=\"lazy\" decoding=\"async\" class=\"alignnone size-medium wp-image-6638\" src=\"https:\/\/blogsaverroes.juntadeandalucia.es\/ceperclaracampoamor\/files\/2025\/01\/Violencia-1-300x135.jpg\" alt=\"\" width=\"300\" height=\"135\" srcset=\"https:\/\/blogsaverroes.juntadeandalucia.es\/ceperclaracampoamor\/files\/2025\/01\/Violencia-1-300x135.jpg 300w, https:\/\/blogsaverroes.juntadeandalucia.es\/ceperclaracampoamor\/files\/2025\/01\/Violencia-1-1024x462.jpg 1024w, https:\/\/blogsaverroes.juntadeandalucia.es\/ceperclaracampoamor\/files\/2025\/01\/Violencia-1-768x346.jpg 768w, https:\/\/blogsaverroes.juntadeandalucia.es\/ceperclaracampoamor\/files\/2025\/01\/Violencia-1-1536x692.jpg 1536w, https:\/\/blogsaverroes.juntadeandalucia.es\/ceperclaracampoamor\/files\/2025\/01\/Violencia-1-2048x923.jpg 2048w, https:\/\/blogsaverroes.juntadeandalucia.es\/ceperclaracampoamor\/files\/2025\/01\/Violencia-1.jpg 1600w\" sizes=\"(max-width: 300px) 100vw, 300px\" \/><\/a> <a href=\"https:\/\/blogsaverroes.juntadeandalucia.es\/ceperclaracampoamor\/files\/2025\/01\/Violencia-2-rotated.jpg\"><img loading=\"lazy\" decoding=\"async\" class=\"alignnone size-medium wp-image-6639\" src=\"https:\/\/blogsaverroes.juntadeandalucia.es\/ceperclaracampoamor\/files\/2025\/01\/Violencia-2-135x300.jpg\" alt=\"\" width=\"135\" height=\"300\" srcset=\"https:\/\/blogsaverroes.juntadeandalucia.es\/ceperclaracampoamor\/files\/2025\/01\/Violencia-2-135x300.jpg 135w, https:\/\/blogsaverroes.juntadeandalucia.es\/ceperclaracampoamor\/files\/2025\/01\/Violencia-2-462x1024.jpg 462w, https:\/\/blogsaverroes.juntadeandalucia.es\/ceperclaracampoamor\/files\/2025\/01\/Violencia-2-768x1704.jpg 768w, https:\/\/blogsaverroes.juntadeandalucia.es\/ceperclaracampoamor\/files\/2025\/01\/Violencia-2-692x1536.jpg 692w, https:\/\/blogsaverroes.juntadeandalucia.es\/ceperclaracampoamor\/files\/2025\/01\/Violencia-2-923x2048.jpg 923w, https:\/\/blogsaverroes.juntadeandalucia.es\/ceperclaracampoamor\/files\/2025\/01\/Violencia-2-rotated.jpg 721w\" sizes=\"(max-width: 135px) 100vw, 135px\" \/><\/a><\/p>\n","protected":false},"excerpt":{"rendered":"<p>Durante la semana de 25 al 29 de Noviembre en la S.E.P. \u00abMart\u00edn de la Jara\u00bb se estuvo realizando actividades y actos relacionados con el D\u00eda Internacional contra la Violencia de G\u00e9nero. (Curso 2024-2025)<\/p>\n","protected":false},"author":11826,"featured_media":0,"comment_status":"closed","ping_status":"open","sticky":false,"template":"","format":"standard","meta":{"ngg_post_thumbnail":0,"footnotes":""},"categories":[2351711],"tags":[],"aioseo_notices":[],"_links":{"self":[{"href":"https:\/\/blogsaverroes.juntadeandalucia.es\/ceperclaracampoamor\/index.php?rest_route=\/wp\/v2\/posts\/7384"}],"collection":[{"href":"https:\/\/blogsaverroes.juntadeandalucia.es\/ceperclaracampoamor\/index.php?rest_route=\/wp\/v2\/posts"}],"about":[{"href":"https:\/\/blogsaverroes.juntadeandalucia.es\/ceperclaracampoamor\/index.php?rest_route=\/wp\/v2\/types\/post"}],"author":[{"embeddable":true,"href":"https:\/\/blogsaverroes.juntadeandalucia.es\/ceperclaracampoamor\/index.php?rest_route=\/wp\/v2\/users\/11826"}],"replies":[{"embeddable":true,"href":"https:\/\/blogsaverroes.juntadeandalucia.es\/ceperclaracampoamor\/index.php?rest_route=%2Fwp%2Fv2%2Fcomments&post=7384"}],"version-history":[{"count":4,"href":"https:\/\/blogsaverroes.juntadeandalucia.es\/ceperclaracampoamor\/index.php?rest_route=\/wp\/v2\/posts\/7384\/revisions"}],"predecessor-version":[{"id":7388,"href":"https:\/\/blogsaverroes.juntadeandalucia.es\/ceperclaracampoamor\/index.php?rest_route=\/wp\/v2\/posts\/7384\/revisions\/7388"}],"wp:attachment":[{"href":"https:\/\/blogsaverroes.juntadeandalucia.es\/ceperclaracampoamor\/index.php?rest_route=%2Fwp%2Fv2%2Fmedia&parent=7384"}],"wp:term":[{"taxonomy":"category","embeddable":true,"href":"https:\/\/blogsaverroes.juntadeandalucia.es\/ceperclaracampoamor\/index.php?rest_route=%2Fwp%2Fv2%2Fcategories&post=7384"},{"taxonomy":"post_tag","embeddable":true,"href":"https:\/\/blogsaverroes.juntadeandalucia.es\/ceperclaracampoamor\/index.php?rest_route=%2Fwp%2Fv2%2Ftags&post=7384"}],"curies":[{"name":"wp","href":"https:\/\/api.w.org\/{rel}","templated":true}]}}