{"id":7449,"date":"2025-04-24T18:30:24","date_gmt":"2025-04-24T16:30:24","guid":{"rendered":"https:\/\/blogsaverroes.juntadeandalucia.es\/ceperclaracampoamor\/?p=7449"},"modified":"2025-05-10T01:25:03","modified_gmt":"2025-05-09T23:25:03","slug":"ofrenda-floral-24a-ceper-clara-campoamor","status":"publish","type":"post","link":"https:\/\/blogsaverroes.juntadeandalucia.es\/ceperclaracampoamor\/?p=7449","title":{"rendered":"Ofrenda floral (24A) CEPER Clara Campoamor"},"content":{"rendered":"<p style=\"text-align: center\"><strong>Ofrenda floral a la Virgen de Consolaci\u00f3n<\/strong><\/p>\n<p>En la ma\u00f1ana de hoy, el alumnado del CEPER Clara Campoamor ha participado con entusiasmo en la tradicional <strong>ofrenda floral a la Virgen de Consolaci\u00f3n<\/strong>, patrona de Osuna, en el marco de los actos previos a su romer\u00eda. El emotivo encuentro ha tenido lugar en la iglesia de Consolaci\u00f3n, que se ha llenado de flores, versos y sentimientos compartidos.<\/p>\n<p>Este a\u00f1o, el CEPER Clara Campoamor se ha sumado por primera vez a esta entra\u00f1able cita, acompa\u00f1ando a los distintos centros educativos del municipio que, a\u00f1o tras a\u00f1o, mantienen vivo este gesto colectivo de fe y tradici\u00f3n, que une a generaciones en torno a la figura de la Virgen. La entrega de la ofrenda floral por parte del centro ha contribuido a crear un hermoso mosaico de colores a los pies de la patrona.<\/p>\n<p>Durante el acto, se han recitado diversas poes\u00edas y se han dedicado palabras llenas de afecto a la Virgen, en una emotiva muestra del cari\u00f1o y la devoci\u00f3n que inspira en la comunidad. Los versos, preparados con dedicaci\u00f3n por el alumnado, han dado voz al sentimiento popular que se vive intensamente en estos d\u00edas en Osuna.<\/p>\n<p>Con esta participaci\u00f3n, el CEPER Clara Campoamor reafirma su compromiso con las tradiciones locales y fomenta entre su alumnado valores fundamentales como el respeto, la participaci\u00f3n activa y el sentido de comunidad. La ofrenda floral ha sido, sin duda, un momento de uni\u00f3n, emoci\u00f3n y aprendizaje que quedar\u00e1 en la memoria de todos los presentes.<\/p>\n<p>Desde el centro, agradecemos a la Hermandad de Consolaci\u00f3n su acogida y la oportunidad de formar parte de este acto tan significativo.<\/p>\n<div style=\"width: 750px;\" class=\"wp-video\"><!--[if lt IE 9]><script>document.createElement('video');<\/script><![endif]-->\n<video class=\"wp-video-shortcode\" id=\"video-7449-1\" width=\"750\" height=\"425\" preload=\"metadata\" controls=\"controls\"><source type=\"video\/mp4\" src=\"https:\/\/blogsaverroes.juntadeandalucia.es\/ceperclaracampoamor\/files\/2025\/04\/PATRONA.mp4?_=1\" \/><a href=\"https:\/\/blogsaverroes.juntadeandalucia.es\/ceperclaracampoamor\/files\/2025\/04\/PATRONA.mp4\">https:\/\/blogsaverroes.juntadeandalucia.es\/ceperclaracampoamor\/files\/2025\/04\/PATRONA.mp4<\/a><\/video><\/div>\n","protected":false},"excerpt":{"rendered":"<p>Ofrenda floral a la Virgen de Consolaci\u00f3n En la ma\u00f1ana de hoy, el alumnado del CEPER Clara Campoamor ha participado con entusiasmo en la tradicional ofrenda floral a la Virgen de Consolaci\u00f3n, patrona de Osuna, en el marco de los actos previos a su romer\u00eda. El emotivo encuentro ha tenido lugar en la iglesia de &hellip; <\/p>\n<p><a class=\"more-link btn\" href=\"https:\/\/blogsaverroes.juntadeandalucia.es\/ceperclaracampoamor\/?p=7449\">Seguir leyendo<\/a><\/p>\n","protected":false},"author":19611,"featured_media":0,"comment_status":"closed","ping_status":"open","sticky":false,"template":"","format":"standard","meta":{"ngg_post_thumbnail":0,"footnotes":""},"categories":[5991],"tags":[],"aioseo_notices":[],"_links":{"self":[{"href":"https:\/\/blogsaverroes.juntadeandalucia.es\/ceperclaracampoamor\/index.php?rest_route=\/wp\/v2\/posts\/7449"}],"collection":[{"href":"https:\/\/blogsaverroes.juntadeandalucia.es\/ceperclaracampoamor\/index.php?rest_route=\/wp\/v2\/posts"}],"about":[{"href":"https:\/\/blogsaverroes.juntadeandalucia.es\/ceperclaracampoamor\/index.php?rest_route=\/wp\/v2\/types\/post"}],"author":[{"embeddable":true,"href":"https:\/\/blogsaverroes.juntadeandalucia.es\/ceperclaracampoamor\/index.php?rest_route=\/wp\/v2\/users\/19611"}],"replies":[{"embeddable":true,"href":"https:\/\/blogsaverroes.juntadeandalucia.es\/ceperclaracampoamor\/index.php?rest_route=%2Fwp%2Fv2%2Fcomments&post=7449"}],"version-history":[{"count":2,"href":"https:\/\/blogsaverroes.juntadeandalucia.es\/ceperclaracampoamor\/index.php?rest_route=\/wp\/v2\/posts\/7449\/revisions"}],"predecessor-version":[{"id":7452,"href":"https:\/\/blogsaverroes.juntadeandalucia.es\/ceperclaracampoamor\/index.php?rest_route=\/wp\/v2\/posts\/7449\/revisions\/7452"}],"wp:attachment":[{"href":"https:\/\/blogsaverroes.juntadeandalucia.es\/ceperclaracampoamor\/index.php?rest_route=%2Fwp%2Fv2%2Fmedia&parent=7449"}],"wp:term":[{"taxonomy":"category","embeddable":true,"href":"https:\/\/blogsaverroes.juntadeandalucia.es\/ceperclaracampoamor\/index.php?rest_route=%2Fwp%2Fv2%2Fcategories&post=7449"},{"taxonomy":"post_tag","embeddable":true,"href":"https:\/\/blogsaverroes.juntadeandalucia.es\/ceperclaracampoamor\/index.php?rest_route=%2Fwp%2Fv2%2Ftags&post=7449"}],"curies":[{"name":"wp","href":"https:\/\/api.w.org\/{rel}","templated":true}]}}