{"id":7616,"date":"2025-05-06T18:10:49","date_gmt":"2025-05-06T16:10:49","guid":{"rendered":"https:\/\/blogsaverroes.juntadeandalucia.es\/ceperclaracampoamor\/?p=7616"},"modified":"2025-05-06T18:15:51","modified_gmt":"2025-05-06T16:15:51","slug":"formacion-sep-vva-d-san-juan","status":"publish","type":"post","link":"https:\/\/blogsaverroes.juntadeandalucia.es\/ceperclaracampoamor\/?p=7616","title":{"rendered":"Formaci\u00f3n SEP Vva d San Juan"},"content":{"rendered":"<p>Despu\u00e9s de cuatro d\u00edas intensos de formaci\u00f3n relacionados con el uso y manejo del m\u00f3vil dentro del Plan Educativo TIC, el alumnado del SEP Vva de San Juan ha conseguido superar con creces dicha formaci\u00f3n y para ello han recibido un diploma acreditativo .<\/p>\n<p>\u00a1ENHORABUENA A TOD@S!<\/p>\n<p>&nbsp;<\/p>\n<p><a href=\"https:\/\/blogsaverroes.juntadeandalucia.es\/ceperclaracampoamor\/files\/2025\/05\/1000007064-1_page-0007.jpg\"><img loading=\"lazy\" decoding=\"async\" class=\"alignnone size-medium wp-image-7622\" src=\"https:\/\/blogsaverroes.juntadeandalucia.es\/ceperclaracampoamor\/files\/2025\/05\/1000007064-1_page-0007-212x300.jpg\" alt=\"\" width=\"212\" height=\"300\" srcset=\"https:\/\/blogsaverroes.juntadeandalucia.es\/ceperclaracampoamor\/files\/2025\/05\/1000007064-1_page-0007-212x300.jpg 212w, https:\/\/blogsaverroes.juntadeandalucia.es\/ceperclaracampoamor\/files\/2025\/05\/1000007064-1_page-0007-724x1024.jpg 724w, https:\/\/blogsaverroes.juntadeandalucia.es\/ceperclaracampoamor\/files\/2025\/05\/1000007064-1_page-0007-768x1087.jpg 768w, https:\/\/blogsaverroes.juntadeandalucia.es\/ceperclaracampoamor\/files\/2025\/05\/1000007064-1_page-0007-1085x1536.jpg 1085w, https:\/\/blogsaverroes.juntadeandalucia.es\/ceperclaracampoamor\/files\/2025\/05\/1000007064-1_page-0007-750x1061.jpg 750w, https:\/\/blogsaverroes.juntadeandalucia.es\/ceperclaracampoamor\/files\/2025\/05\/1000007064-1_page-0007.jpg 1130w\" sizes=\"(max-width: 212px) 100vw, 212px\" \/><\/a>\u00a0 \u00a0 \u00a0 \u00a0 \u00a0 \u00a0 \u00a0 \u00a0 \u00a0 \u00a0 \u00a0 \u00a0 \u00a0 \u00a0 \u00a0 \u00a0 \u00a0 <a href=\"https:\/\/blogsaverroes.juntadeandalucia.es\/ceperclaracampoamor\/files\/2025\/05\/IMG-20250505-WA0004_page-0001.jpg\"><img loading=\"lazy\" decoding=\"async\" class=\"alignnone size-medium wp-image-7623\" src=\"https:\/\/blogsaverroes.juntadeandalucia.es\/ceperclaracampoamor\/files\/2025\/05\/IMG-20250505-WA0004_page-0001-300x212.jpg\" alt=\"\" width=\"300\" height=\"212\" srcset=\"https:\/\/blogsaverroes.juntadeandalucia.es\/ceperclaracampoamor\/files\/2025\/05\/IMG-20250505-WA0004_page-0001-300x212.jpg 300w, https:\/\/blogsaverroes.juntadeandalucia.es\/ceperclaracampoamor\/files\/2025\/05\/IMG-20250505-WA0004_page-0001-1024x724.jpg 1024w, https:\/\/blogsaverroes.juntadeandalucia.es\/ceperclaracampoamor\/files\/2025\/05\/IMG-20250505-WA0004_page-0001-768x543.jpg 768w, https:\/\/blogsaverroes.juntadeandalucia.es\/ceperclaracampoamor\/files\/2025\/05\/IMG-20250505-WA0004_page-0001-1536x1085.jpg 1536w, https:\/\/blogsaverroes.juntadeandalucia.es\/ceperclaracampoamor\/files\/2025\/05\/IMG-20250505-WA0004_page-0001-750x530.jpg 750w, https:\/\/blogsaverroes.juntadeandalucia.es\/ceperclaracampoamor\/files\/2025\/05\/IMG-20250505-WA0004_page-0001.jpg 1600w\" sizes=\"(max-width: 300px) 100vw, 300px\" \/><\/a><\/p>\n<p>&nbsp;<\/p>\n<p>&nbsp;<\/p>\n<p>&nbsp;<\/p>\n<p>&nbsp;<\/p>\n<p>&nbsp;<\/p>\n<p>&nbsp;<\/p>\n<p>&nbsp;<\/p>\n<p>&nbsp;<\/p>\n<p>&nbsp;<\/p>\n<p>&nbsp;<\/p>\n<p>&nbsp;<\/p>\n<p>&nbsp;<\/p>\n<p>&nbsp;<\/p>\n<p>&nbsp;<\/p>\n<p>&nbsp;<\/p>\n<p>&nbsp;<\/p>\n<p>&nbsp;<\/p>\n<p>&nbsp;<\/p>\n<p>&nbsp;<\/p>\n<p>&nbsp;<\/p>\n<p>&nbsp;<\/p>\n<p>&nbsp;<\/p>\n<p>&nbsp;<\/p>\n<p>&nbsp;<\/p>\n<p>&nbsp;<\/p>\n<p>&nbsp;<\/p>\n<p>&nbsp;<\/p>\n<p>&nbsp;<\/p>\n<p>&nbsp;<\/p>\n<p>&nbsp;<\/p>\n<p>&nbsp;<\/p>\n<p>&nbsp;<\/p>\n<p>&nbsp;<\/p>\n<p>&nbsp;<\/p>\n<p>&nbsp;<\/p>\n<p>&nbsp;<\/p>\n<p>&nbsp;<\/p>\n<p>&nbsp;<\/p>\n<p>&nbsp;<\/p>\n<p>&nbsp;<\/p>\n<p>&nbsp;<\/p>\n<p>&nbsp;<\/p>\n<p>&nbsp;<\/p>\n<p>&nbsp;<\/p>\n<p>&nbsp;<\/p>\n<p>&nbsp;<\/p>\n","protected":false},"excerpt":{"rendered":"<p>Despu\u00e9s de cuatro d\u00edas intensos de formaci\u00f3n relacionados con el uso y manejo del m\u00f3vil dentro del Plan Educativo TIC, el alumnado del SEP Vva de San Juan ha conseguido superar con creces dicha formaci\u00f3n y para ello han recibido un diploma acreditativo . \u00a1ENHORABUENA A TOD@S! &nbsp; \u00a0 \u00a0 \u00a0 \u00a0 \u00a0 \u00a0 \u00a0 &hellip; <\/p>\n<p><a class=\"more-link btn\" href=\"https:\/\/blogsaverroes.juntadeandalucia.es\/ceperclaracampoamor\/?p=7616\">Seguir leyendo<\/a><\/p>\n","protected":false},"author":11820,"featured_media":0,"comment_status":"closed","ping_status":"open","sticky":false,"template":"","format":"standard","meta":{"ngg_post_thumbnail":0,"footnotes":""},"categories":[2351714],"tags":[],"aioseo_notices":[],"_links":{"self":[{"href":"https:\/\/blogsaverroes.juntadeandalucia.es\/ceperclaracampoamor\/index.php?rest_route=\/wp\/v2\/posts\/7616"}],"collection":[{"href":"https:\/\/blogsaverroes.juntadeandalucia.es\/ceperclaracampoamor\/index.php?rest_route=\/wp\/v2\/posts"}],"about":[{"href":"https:\/\/blogsaverroes.juntadeandalucia.es\/ceperclaracampoamor\/index.php?rest_route=\/wp\/v2\/types\/post"}],"author":[{"embeddable":true,"href":"https:\/\/blogsaverroes.juntadeandalucia.es\/ceperclaracampoamor\/index.php?rest_route=\/wp\/v2\/users\/11820"}],"replies":[{"embeddable":true,"href":"https:\/\/blogsaverroes.juntadeandalucia.es\/ceperclaracampoamor\/index.php?rest_route=%2Fwp%2Fv2%2Fcomments&post=7616"}],"version-history":[{"count":2,"href":"https:\/\/blogsaverroes.juntadeandalucia.es\/ceperclaracampoamor\/index.php?rest_route=\/wp\/v2\/posts\/7616\/revisions"}],"predecessor-version":[{"id":7625,"href":"https:\/\/blogsaverroes.juntadeandalucia.es\/ceperclaracampoamor\/index.php?rest_route=\/wp\/v2\/posts\/7616\/revisions\/7625"}],"wp:attachment":[{"href":"https:\/\/blogsaverroes.juntadeandalucia.es\/ceperclaracampoamor\/index.php?rest_route=%2Fwp%2Fv2%2Fmedia&parent=7616"}],"wp:term":[{"taxonomy":"category","embeddable":true,"href":"https:\/\/blogsaverroes.juntadeandalucia.es\/ceperclaracampoamor\/index.php?rest_route=%2Fwp%2Fv2%2Fcategories&post=7616"},{"taxonomy":"post_tag","embeddable":true,"href":"https:\/\/blogsaverroes.juntadeandalucia.es\/ceperclaracampoamor\/index.php?rest_route=%2Fwp%2Fv2%2Ftags&post=7616"}],"curies":[{"name":"wp","href":"https:\/\/api.w.org\/{rel}","templated":true}]}}